{"id":2581,"date":"2024-04-17T20:33:29","date_gmt":"2024-04-17T23:33:29","guid":{"rendered":"https:\/\/noticiasregionais.com.br\/?p=2581"},"modified":"2024-04-17T20:33:41","modified_gmt":"2024-04-17T23:33:41","slug":"casal-e-preso-por-trafico-de-drogas-em-ourinhos-apos-operacao-conjunta-do-baep-civil-e-forca-tatica","status":"publish","type":"post","link":"https:\/\/noticiasregionais.com.br\/?p=2581","title":{"rendered":"Casal \u00e9 preso por tr\u00e1fico de drogas em Ourinhos ap\u00f3s opera\u00e7\u00e3o conjunta do BAEP, Civil e For\u00e7a T\u00e1tica"},"content":{"rendered":"\n<p>Uma opera\u00e7\u00e3o conjunta entre a Pol\u00edcia Militar, por meio da Equipe K9 do 13\u00ba BAEP e Equipe de For\u00e7a T\u00e1tica do 31\u00b0 BPM\/I, e a Delegacia de Investiga\u00e7\u00f5es Sobre Entorpecentes (DISE) resultou na pris\u00e3o de um casal por tr\u00e1fico de drogas na manh\u00e3 desta quarta-feira (17).<\/p>\n\n\n\n<p>A a\u00e7\u00e3o aconteceu na Rua Bartolomeu Dias Martinez, no Jardim Christoni, em Ourinhos. Os policiais cumpriam um mandado de busca e apreens\u00e3o quando flagraram Lucas F. A., de 29 anos, e sua am\u00e1sia, Suelen C. B., de 35 anos, tentando dispensar maconha no quintal da resid\u00eancia.<\/p>\n\n\n\n<p>Ap\u00f3s a deten\u00e7\u00e3o do casal, os c\u00e3es farejadores da equipe localizaram mais entorpecentes e uma quantia de R$ 667,00 dentro da casa. No total, foram apreendidos 0,272 kg de maconha.<\/p>\n\n\n\n<p>Lucas e Suelen foram encaminhados \u00e0 DISE de Ourinhos, onde permanecer\u00e3o \u00e0 disposi\u00e7\u00e3o da Justi\u00e7a.<\/p>\n<input type=\"hidden\" id=\"baseurl\" value=\"https:\/\/noticiasregionais.com.br\"><input type=\"hidden\" id=\"audio_nonce\" value=\"533fbb67b1\">","protected":false},"excerpt":{"rendered":"<p>Uma opera\u00e7\u00e3o conjunta entre a Pol\u00edcia Militar, por meio da Equipe K9 do 13\u00ba BAEP e Equipe de For\u00e7a T\u00e1tica&hellip;<\/p>\n","protected":false},"author":1,"featured_media":2582,"comment_status":"closed","ping_status":"open","sticky":false,"template":"","format":"standard","meta":{"sfsi_plus_gutenberg_text_before_share":"","sfsi_plus_gutenberg_show_text_before_share":"","sfsi_plus_gutenberg_icon_type":"","sfsi_plus_gutenberg_icon_alignemt":"","sfsi_plus_gutenburg_max_per_row":"","footnotes":""},"categories":[5,12,1],"tags":[],"class_list":["post-2581","post","type-post","status-publish","format-standard","has-post-thumbnail","hentry","category-ourinhos","category-capa","category-noticias"],"_links":{"self":[{"href":"https:\/\/noticiasregionais.com.br\/index.php?rest_route=\/wp\/v2\/posts\/2581","targetHints":{"allow":["GET"]}}],"collection":[{"href":"https:\/\/noticiasregionais.com.br\/index.php?rest_route=\/wp\/v2\/posts"}],"about":[{"href":"https:\/\/noticiasregionais.com.br\/index.php?rest_route=\/wp\/v2\/types\/post"}],"author":[{"embeddable":true,"href":"https:\/\/noticiasregionais.com.br\/index.php?rest_route=\/wp\/v2\/users\/1"}],"replies":[{"embeddable":true,"href":"https:\/\/noticiasregionais.com.br\/index.php?rest_route=%2Fwp%2Fv2%2Fcomments&post=2581"}],"version-history":[{"count":1,"href":"https:\/\/noticiasregionais.com.br\/index.php?rest_route=\/wp\/v2\/posts\/2581\/revisions"}],"predecessor-version":[{"id":2583,"href":"https:\/\/noticiasregionais.com.br\/index.php?rest_route=\/wp\/v2\/posts\/2581\/revisions\/2583"}],"wp:featuredmedia":[{"embeddable":true,"href":"https:\/\/noticiasregionais.com.br\/index.php?rest_route=\/wp\/v2\/media\/2582"}],"wp:attachment":[{"href":"https:\/\/noticiasregionais.com.br\/index.php?rest_route=%2Fwp%2Fv2%2Fmedia&parent=2581"}],"wp:term":[{"taxonomy":"category","embeddable":true,"href":"https:\/\/noticiasregionais.com.br\/index.php?rest_route=%2Fwp%2Fv2%2Fcategories&post=2581"},{"taxonomy":"post_tag","embeddable":true,"href":"https:\/\/noticiasregionais.com.br\/index.php?rest_route=%2Fwp%2Fv2%2Ftags&post=2581"}],"curies":[{"name":"wp","href":"https:\/\/api.w.org\/{rel}","templated":true}]}}