{"id":2584,"date":"2024-04-18T18:56:23","date_gmt":"2024-04-18T21:56:23","guid":{"rendered":"https:\/\/noticiasregionais.com.br\/?p=2584"},"modified":"2024-04-18T18:56:34","modified_gmt":"2024-04-18T21:56:34","slug":"ourinhos-ira-sediar-o-26o-jogos-da-melhor-idade","status":"publish","type":"post","link":"https:\/\/noticiasregionais.com.br\/?p=2584","title":{"rendered":"Ourinhos ir\u00e1 sediar o 26\u00ba Jogos da Melhor Idade"},"content":{"rendered":"\n<p>Entre os dias 13 a 19 de maio, a cidade de Ourinhos ser\u00e1 palco dos Jogos da Melhor Idade (Jomi), um evento esportivo destinado a atletas com idade a partir de 60 anos. Com 14 modalidades em disputa, a competi\u00e7\u00e3o promete reunir milhares de competidores da 7\u00aa Regi\u00e3o Administrativa do Estado de S\u00e3o Paulo.<\/p>\n\n\n\n<p>As modalidades em disputa incluem atletismo, buraco, bocha, coreografia, damas, dan\u00e7a de sal\u00e3o, domin\u00f3, malha, nata\u00e7\u00e3o, t\u00eanis, t\u00eanis de mesa, truco, v\u00f4lei adaptado e xadrez. Os campe\u00f5es nos naipes masculino e feminino de cada modalidade garantem a classifica\u00e7\u00e3o para a final estadual, &nbsp;que acontece em Itatiba, em junho.<\/p>\n\n\n\n<p>Uma caracter\u00edstica do Jomi \u00e9 a inclus\u00e3o de atletas de idades avan\u00e7adas em algumas provas. Em provas de nata\u00e7\u00e3o e atletismo, \u00e9 permitida a participa\u00e7\u00e3o de pessoas com 90 anos ou mais, destacando o esp\u00edrito de supera\u00e7\u00e3o e o comprometimento com a pr\u00e1tica esportiva em todas as idades.<\/p>\n\n\n\n<p>Os jogos ser\u00e3o realizados em diversos locais da cidade, incluindo o Monstrinho, a AECO, o CSU, o campo de malha do Ol\u00edmpico e Jardim Europa, al\u00e9m do campo de bocha no Jardim Europa.<\/p>\n\n\n\n<p>A Prefeitura de Ourinhos, por meio da Secretaria Municipal de Esportes, ir\u00e1 garantir que os competidores tenham as melhores condi\u00e7\u00f5es esportivas para a disputa da competi\u00e7\u00e3o.<\/p>\n\n\n\n<p>Uma quest\u00e3o importante \u00e9 a piscina do Monstrinho, que est\u00e1 em obras. Caso fique pronta a tempo, a nata\u00e7\u00e3o acontecer\u00e1 neste local. Caso contr\u00e1rio, ser\u00e1 realizada em Santa Cruz do Rio Pardo.<\/p>\n<input type=\"hidden\" id=\"baseurl\" value=\"https:\/\/noticiasregionais.com.br\"><input type=\"hidden\" id=\"audio_nonce\" value=\"533fbb67b1\">","protected":false},"excerpt":{"rendered":"<p>Entre os dias 13 a 19 de maio, a cidade de Ourinhos ser\u00e1 palco dos Jogos da Melhor Idade (Jomi),&hellip;<\/p>\n","protected":false},"author":1,"featured_media":2585,"comment_status":"closed","ping_status":"open","sticky":false,"template":"","format":"standard","meta":{"sfsi_plus_gutenberg_text_before_share":"","sfsi_plus_gutenberg_show_text_before_share":"","sfsi_plus_gutenberg_icon_type":"","sfsi_plus_gutenberg_icon_alignemt":"","sfsi_plus_gutenburg_max_per_row":"","footnotes":""},"categories":[5,10,1],"tags":[],"class_list":["post-2584","post","type-post","status-publish","format-standard","has-post-thumbnail","hentry","category-ourinhos","category-destaques","category-noticias"],"_links":{"self":[{"href":"https:\/\/noticiasregionais.com.br\/index.php?rest_route=\/wp\/v2\/posts\/2584","targetHints":{"allow":["GET"]}}],"collection":[{"href":"https:\/\/noticiasregionais.com.br\/index.php?rest_route=\/wp\/v2\/posts"}],"about":[{"href":"https:\/\/noticiasregionais.com.br\/index.php?rest_route=\/wp\/v2\/types\/post"}],"author":[{"embeddable":true,"href":"https:\/\/noticiasregionais.com.br\/index.php?rest_route=\/wp\/v2\/users\/1"}],"replies":[{"embeddable":true,"href":"https:\/\/noticiasregionais.com.br\/index.php?rest_route=%2Fwp%2Fv2%2Fcomments&post=2584"}],"version-history":[{"count":1,"href":"https:\/\/noticiasregionais.com.br\/index.php?rest_route=\/wp\/v2\/posts\/2584\/revisions"}],"predecessor-version":[{"id":2586,"href":"https:\/\/noticiasregionais.com.br\/index.php?rest_route=\/wp\/v2\/posts\/2584\/revisions\/2586"}],"wp:featuredmedia":[{"embeddable":true,"href":"https:\/\/noticiasregionais.com.br\/index.php?rest_route=\/wp\/v2\/media\/2585"}],"wp:attachment":[{"href":"https:\/\/noticiasregionais.com.br\/index.php?rest_route=%2Fwp%2Fv2%2Fmedia&parent=2584"}],"wp:term":[{"taxonomy":"category","embeddable":true,"href":"https:\/\/noticiasregionais.com.br\/index.php?rest_route=%2Fwp%2Fv2%2Fcategories&post=2584"},{"taxonomy":"post_tag","embeddable":true,"href":"https:\/\/noticiasregionais.com.br\/index.php?rest_route=%2Fwp%2Fv2%2Ftags&post=2584"}],"curies":[{"name":"wp","href":"https:\/\/api.w.org\/{rel}","templated":true}]}}