{"id":2587,"date":"2024-04-18T19:08:43","date_gmt":"2024-04-18T22:08:43","guid":{"rendered":"https:\/\/noticiasregionais.com.br\/?p=2587"},"modified":"2024-04-18T19:08:46","modified_gmt":"2024-04-18T22:08:46","slug":"em-ano-de-eleicao-prefeito-joel-deve-aumentar-os-impostos-em-canitar","status":"publish","type":"post","link":"https:\/\/noticiasregionais.com.br\/?p=2587","title":{"rendered":"Em ano de elei\u00e7\u00e3o, prefeito Joel deve aumentar os impostos em Canitar"},"content":{"rendered":"\n<p>A prefeitura de Canitar tomou uma decis\u00e3o controversa, atrav\u00e9s da Dispensa de Licita\u00e7\u00e3o N\u00b0 011\/2024, para contratar diretamente uma empresa que revisar\u00e1 e ampliar\u00e1 o sistema tribut\u00e1rio municipal. Esta a\u00e7\u00e3o visa a tributa\u00e7\u00e3o de atividades econ\u00f4micas que anteriormente n\u00e3o eram tributadas, gerando preocupa\u00e7\u00f5es entre os comerciantes e moradores da cidade j\u00e1 economicamente fragilizados.<br>Essa medida chega em um momento delicado para a economia da cidade, marcada por altos \u00edndices de pobreza e dificuldades para pequenos empres\u00e1rios e comerciantes, que j\u00e1 enfrentam desafios di\u00e1rios para manter suas atividades vi\u00e1veis.<\/p>\n\n\n\n<p><br>A inclus\u00e3o de novos tributos sobre pequenos neg\u00f3cios e comerciantes informais, como vendedores de alimentos caseiros e artes\u00e3os, que at\u00e9 ent\u00e3o operam com pouca ou nenhuma tributa\u00e7\u00e3o, promete impor um \u00f4nus adicional sobre esses indiv\u00edduos j\u00e1 sobrecarregados.<br>A dispensa de licita\u00e7\u00e3o para a contrata\u00e7\u00e3o da empresa especializada em tributa\u00e7\u00e3o levanta quest\u00f5es sobre a rapidez e as motiva\u00e7\u00f5es por tr\u00e1s dessa escolha administrativa. A falta de um processo licitat\u00f3rio detalhado sugere uma poss\u00edvel urg\u00eancia na implementa\u00e7\u00e3o das novas pol\u00edticas tribut\u00e1rias que, poderia prejudicar ainda mais a delicada economia local.<\/p>\n\n\n\n<p><br>N\u00e3o \u00e9 segredo que o aumento da carga tribut\u00e1ria sobre pequenos comerciantes pode desestimular o empreendedorismo e agravar a situa\u00e7\u00e3o econ\u00f4mica em Canitar, uma cidade onde muitas fam\u00edlias dependem desses pequenos neg\u00f3cios para seu sustento.<br>Vale lembrar que Canitar \u00e9 uma cidade marcada pela escassez de oportunidades de emprego, resultando em altos \u00edndices de desemprego e uma persistente falta de perspectivas econ\u00f4micas para seus moradores, onde muitos habitantes lutam diariamente para atender \u00e0s necessidades b\u00e1sicas de suas fam\u00edlias.<\/p>\n\n\n\n<p><br>Com uma popula\u00e7\u00e3o predominantemente pobre e carente, a cidade enfrenta desafios significativos para fornecer servi\u00e7os sociais adequados e oportunidades de crescimento para seus cidad\u00e3os. Enquanto isso o atual prefeito que busca a reelei\u00e7\u00e3o, aumenta os impostos.<\/p>\n\n\n\n<figure class=\"wp-block-gallery has-nested-images columns-default is-cropped wp-block-gallery-1 is-layout-flex wp-block-gallery-is-layout-flex\">\n<figure class=\"wp-block-image size-full\"><a href=\"https:\/\/noticiasregionais.com.br\/wp-content\/uploads\/2024\/04\/Dispensa-Licitacao-Canitar.png\"><img decoding=\"async\" width=\"602\" height=\"769\" data-id=\"2590\" src=\"https:\/\/noticiasregionais.com.br\/wp-content\/uploads\/2024\/04\/Dispensa-Licitacao-Canitar.png\" alt=\"\" class=\"wp-image-2590\" srcset=\"https:\/\/noticiasregionais.com.br\/wp-content\/uploads\/2024\/04\/Dispensa-Licitacao-Canitar.png 602w, https:\/\/noticiasregionais.com.br\/wp-content\/uploads\/2024\/04\/Dispensa-Licitacao-Canitar-235x300.png 235w\" sizes=\"(max-width: 602px) 100vw, 602px\" \/><\/a><\/figure>\n\n\n\n<figure class=\"wp-block-image size-full\"><a href=\"https:\/\/noticiasregionais.com.br\/wp-content\/uploads\/2024\/04\/WhatsApp-Image-2024-04-16-at-11.09.50-1.jpeg\"><img decoding=\"async\" width=\"1301\" height=\"299\" data-id=\"2589\" src=\"https:\/\/noticiasregionais.com.br\/wp-content\/uploads\/2024\/04\/WhatsApp-Image-2024-04-16-at-11.09.50-1.jpeg\" alt=\"\" class=\"wp-image-2589\" srcset=\"https:\/\/noticiasregionais.com.br\/wp-content\/uploads\/2024\/04\/WhatsApp-Image-2024-04-16-at-11.09.50-1.jpeg 1301w, https:\/\/noticiasregionais.com.br\/wp-content\/uploads\/2024\/04\/WhatsApp-Image-2024-04-16-at-11.09.50-1-300x69.jpeg 300w, https:\/\/noticiasregionais.com.br\/wp-content\/uploads\/2024\/04\/WhatsApp-Image-2024-04-16-at-11.09.50-1-1024x235.jpeg 1024w, https:\/\/noticiasregionais.com.br\/wp-content\/uploads\/2024\/04\/WhatsApp-Image-2024-04-16-at-11.09.50-1-768x177.jpeg 768w\" sizes=\"(max-width: 1301px) 100vw, 1301px\" \/><\/a><\/figure>\n<\/figure>\n<input type=\"hidden\" id=\"baseurl\" value=\"https:\/\/noticiasregionais.com.br\"><input type=\"hidden\" id=\"audio_nonce\" value=\"533fbb67b1\">","protected":false},"excerpt":{"rendered":"<p>A prefeitura de Canitar tomou uma decis\u00e3o controversa, atrav\u00e9s da Dispensa de Licita\u00e7\u00e3o N\u00b0 011\/2024, para contratar diretamente uma empresa&hellip;<\/p>\n","protected":false},"author":1,"featured_media":2591,"comment_status":"closed","ping_status":"open","sticky":false,"template":"","format":"standard","meta":{"sfsi_plus_gutenberg_text_before_share":"","sfsi_plus_gutenberg_show_text_before_share":"","sfsi_plus_gutenberg_icon_type":"","sfsi_plus_gutenberg_icon_alignemt":"","sfsi_plus_gutenburg_max_per_row":"","footnotes":""},"categories":[6,12,1],"tags":[],"class_list":["post-2587","post","type-post","status-publish","format-standard","has-post-thumbnail","hentry","category-sao_paulo","category-capa","category-noticias"],"_links":{"self":[{"href":"https:\/\/noticiasregionais.com.br\/index.php?rest_route=\/wp\/v2\/posts\/2587","targetHints":{"allow":["GET"]}}],"collection":[{"href":"https:\/\/noticiasregionais.com.br\/index.php?rest_route=\/wp\/v2\/posts"}],"about":[{"href":"https:\/\/noticiasregionais.com.br\/index.php?rest_route=\/wp\/v2\/types\/post"}],"author":[{"embeddable":true,"href":"https:\/\/noticiasregionais.com.br\/index.php?rest_route=\/wp\/v2\/users\/1"}],"replies":[{"embeddable":true,"href":"https:\/\/noticiasregionais.com.br\/index.php?rest_route=%2Fwp%2Fv2%2Fcomments&post=2587"}],"version-history":[{"count":1,"href":"https:\/\/noticiasregionais.com.br\/index.php?rest_route=\/wp\/v2\/posts\/2587\/revisions"}],"predecessor-version":[{"id":2592,"href":"https:\/\/noticiasregionais.com.br\/index.php?rest_route=\/wp\/v2\/posts\/2587\/revisions\/2592"}],"wp:featuredmedia":[{"embeddable":true,"href":"https:\/\/noticiasregionais.com.br\/index.php?rest_route=\/wp\/v2\/media\/2591"}],"wp:attachment":[{"href":"https:\/\/noticiasregionais.com.br\/index.php?rest_route=%2Fwp%2Fv2%2Fmedia&parent=2587"}],"wp:term":[{"taxonomy":"category","embeddable":true,"href":"https:\/\/noticiasregionais.com.br\/index.php?rest_route=%2Fwp%2Fv2%2Fcategories&post=2587"},{"taxonomy":"post_tag","embeddable":true,"href":"https:\/\/noticiasregionais.com.br\/index.php?rest_route=%2Fwp%2Fv2%2Ftags&post=2587"}],"curies":[{"name":"wp","href":"https:\/\/api.w.org\/{rel}","templated":true}]}}