{"id":259,"date":"2023-09-06T15:30:42","date_gmt":"2023-09-06T18:30:42","guid":{"rendered":"https:\/\/noticiasregionais.com.br\/?p=259"},"modified":"2023-09-06T15:32:48","modified_gmt":"2023-09-06T18:32:48","slug":"caminhonete-e-roubada-na-vila-sao-luiz-e-dono-pede-ajuda-a-populacao","status":"publish","type":"post","link":"https:\/\/noticiasregionais.com.br\/?p=259","title":{"rendered":"Caminhonete \u00e9 furtada na Vila S\u00e3o Luiz e dono pede ajuda a popula\u00e7\u00e3o."},"content":{"rendered":"\n<p>Segundo mat\u00e9ria divulgada no <strong>Site Passando a R\u00e9gua<\/strong> (<a href=\"http:\/\/www.passandoaregua.com.br\" target=\"_blank\" rel=\"noopener\">www.passandoaregua.com.br<\/a>), uma caminhonete Ford\/F1.000, de placas CVO-0153 na cor azul, foi furtada em Ourinhos (SP) na madrugada desta quarta-feira, 6 de setembro de 2023. O ve\u00edculo foi levado por volta das 2h30, estando estacionado em frente \u00e0 resid\u00eancia da v\u00edtima, localizada na Rua Parteira Maria Luiza Campana, n\u00famero 571, na Vila S\u00e3o Luiz.<\/p>\n\n\n\n<p>At\u00e9 o momento do fechamento desta mat\u00e9ria, a caminhonete ainda n\u00e3o havia sido localizada. A v\u00edtima, desesperada com o ocorrido, faz um apelo \u00e0 comunidade para ajudar na busca do ve\u00edculo. Qualquer informa\u00e7\u00e3o relevante pode ser reportada atrav\u00e9s do n\u00famero (14) 99738-0545.<\/p>\n\n\n\n<p>A Pol\u00edcia j\u00e1 est\u00e1 investigando o caso e conta com a colabora\u00e7\u00e3o da popula\u00e7\u00e3o para solucionar o furto e recuperar o ve\u00edculo.<\/p>\n<input type=\"hidden\" id=\"baseurl\" value=\"https:\/\/noticiasregionais.com.br\"><input type=\"hidden\" id=\"audio_nonce\" value=\"533fbb67b1\">","protected":false},"excerpt":{"rendered":"<p>Segundo mat\u00e9ria divulgada no Site Passando a R\u00e9gua (www.passandoaregua.com.br), uma caminhonete Ford\/F1.000, de placas CVO-0153 na cor azul, foi furtada&hellip;<\/p>\n","protected":false},"author":1,"featured_media":260,"comment_status":"closed","ping_status":"open","sticky":false,"template":"","format":"standard","meta":{"sfsi_plus_gutenberg_text_before_share":"","sfsi_plus_gutenberg_show_text_before_share":"","sfsi_plus_gutenberg_icon_type":"","sfsi_plus_gutenberg_icon_alignemt":"","sfsi_plus_gutenburg_max_per_row":"","footnotes":""},"categories":[5,12,1],"tags":[],"class_list":["post-259","post","type-post","status-publish","format-standard","has-post-thumbnail","hentry","category-ourinhos","category-capa","category-noticias"],"_links":{"self":[{"href":"https:\/\/noticiasregionais.com.br\/index.php?rest_route=\/wp\/v2\/posts\/259","targetHints":{"allow":["GET"]}}],"collection":[{"href":"https:\/\/noticiasregionais.com.br\/index.php?rest_route=\/wp\/v2\/posts"}],"about":[{"href":"https:\/\/noticiasregionais.com.br\/index.php?rest_route=\/wp\/v2\/types\/post"}],"author":[{"embeddable":true,"href":"https:\/\/noticiasregionais.com.br\/index.php?rest_route=\/wp\/v2\/users\/1"}],"replies":[{"embeddable":true,"href":"https:\/\/noticiasregionais.com.br\/index.php?rest_route=%2Fwp%2Fv2%2Fcomments&post=259"}],"version-history":[{"count":2,"href":"https:\/\/noticiasregionais.com.br\/index.php?rest_route=\/wp\/v2\/posts\/259\/revisions"}],"predecessor-version":[{"id":262,"href":"https:\/\/noticiasregionais.com.br\/index.php?rest_route=\/wp\/v2\/posts\/259\/revisions\/262"}],"wp:featuredmedia":[{"embeddable":true,"href":"https:\/\/noticiasregionais.com.br\/index.php?rest_route=\/wp\/v2\/media\/260"}],"wp:attachment":[{"href":"https:\/\/noticiasregionais.com.br\/index.php?rest_route=%2Fwp%2Fv2%2Fmedia&parent=259"}],"wp:term":[{"taxonomy":"category","embeddable":true,"href":"https:\/\/noticiasregionais.com.br\/index.php?rest_route=%2Fwp%2Fv2%2Fcategories&post=259"},{"taxonomy":"post_tag","embeddable":true,"href":"https:\/\/noticiasregionais.com.br\/index.php?rest_route=%2Fwp%2Fv2%2Ftags&post=259"}],"curies":[{"name":"wp","href":"https:\/\/api.w.org\/{rel}","templated":true}]}}