{"id":2593,"date":"2024-04-18T19:27:53","date_gmt":"2024-04-18T22:27:53","guid":{"rendered":"https:\/\/noticiasregionais.com.br\/?p=2593"},"modified":"2024-04-18T19:28:05","modified_gmt":"2024-04-18T22:28:05","slug":"abril-verde-cerest-realiza-evento-pela-prevencao-de-acidentes-de-trabalho-no-dia-30","status":"publish","type":"post","link":"https:\/\/noticiasregionais.com.br\/?p=2593","title":{"rendered":"ABRIL VERDE &#8211; CEREST realiza evento pela preven\u00e7\u00e3o de acidentes de trabalho no dia 30"},"content":{"rendered":"\n<p>A Secretaria Municipal de Sa\u00fade de Ourinhos e o Centro de Refer\u00eancia em Sa\u00fade do Trabalhador (CEREST) convidam os mun\u00edcipes de Ourinhos e cidades vizinhas para participa\u00e7\u00e3o do evento \u201cPreven\u00e7\u00e3o de Acidentes e Agravos \u00e0 Sa\u00fade do Trabalhador. Notifique!\u201d, a ser realizado no dia 30 de abril no audit\u00f3rio do SEST\/SENAT, a partir das 8h00.<\/p>\n\n\n\n<p>O evento \u00e9 gratuito e faz parte da programa\u00e7\u00e3o do Abril Verde \u2013 m\u00eas de preven\u00e7\u00e3o aos acidentes de trabalho. \u00c9 necess\u00e1rio realizar uma inscri\u00e7\u00e3o pr\u00e9via, dispon\u00edvel online: https:\/\/docs.google.com\/forms\/d\/e\/1FAIpQLSdtSIWeKWN0x-HzNFl3pSMOAZ1xPzBysHsTX3PJYk7dZsSgbg\/viewform<\/p>\n\n\n\n<p>O CEREST foi inaugurado em 2019, na primeira gest\u00e3o do Prefeito Lucas Pocay, tendo sua habilita\u00e7\u00e3o concedida em 2020, atendendo cidades da regi\u00e3o de Ourinhos, Assis e Santa Cruz do Rio Pardo. \u00c9 um equipamento da Sa\u00fade que atende os encaminhamentos da rede b\u00e1sica para assist\u00eancia aos trabalhadores acometidos por doen\u00e7as e\/ou agravos relacionados ao trabalho.<\/p>\n<input type=\"hidden\" id=\"baseurl\" value=\"https:\/\/noticiasregionais.com.br\"><input type=\"hidden\" id=\"audio_nonce\" value=\"d83e465ad3\">","protected":false},"excerpt":{"rendered":"<p>A Secretaria Municipal de Sa\u00fade de Ourinhos e o Centro de Refer\u00eancia em Sa\u00fade do Trabalhador (CEREST) convidam os mun\u00edcipes&hellip;<\/p>\n","protected":false},"author":1,"featured_media":2594,"comment_status":"closed","ping_status":"open","sticky":false,"template":"","format":"standard","meta":{"sfsi_plus_gutenberg_text_before_share":"","sfsi_plus_gutenberg_show_text_before_share":"","sfsi_plus_gutenberg_icon_type":"","sfsi_plus_gutenberg_icon_alignemt":"","sfsi_plus_gutenburg_max_per_row":"","footnotes":""},"categories":[10,1,5],"tags":[],"class_list":["post-2593","post","type-post","status-publish","format-standard","has-post-thumbnail","hentry","category-destaques","category-noticias","category-ourinhos"],"_links":{"self":[{"href":"https:\/\/noticiasregionais.com.br\/index.php?rest_route=\/wp\/v2\/posts\/2593","targetHints":{"allow":["GET"]}}],"collection":[{"href":"https:\/\/noticiasregionais.com.br\/index.php?rest_route=\/wp\/v2\/posts"}],"about":[{"href":"https:\/\/noticiasregionais.com.br\/index.php?rest_route=\/wp\/v2\/types\/post"}],"author":[{"embeddable":true,"href":"https:\/\/noticiasregionais.com.br\/index.php?rest_route=\/wp\/v2\/users\/1"}],"replies":[{"embeddable":true,"href":"https:\/\/noticiasregionais.com.br\/index.php?rest_route=%2Fwp%2Fv2%2Fcomments&post=2593"}],"version-history":[{"count":1,"href":"https:\/\/noticiasregionais.com.br\/index.php?rest_route=\/wp\/v2\/posts\/2593\/revisions"}],"predecessor-version":[{"id":2595,"href":"https:\/\/noticiasregionais.com.br\/index.php?rest_route=\/wp\/v2\/posts\/2593\/revisions\/2595"}],"wp:featuredmedia":[{"embeddable":true,"href":"https:\/\/noticiasregionais.com.br\/index.php?rest_route=\/wp\/v2\/media\/2594"}],"wp:attachment":[{"href":"https:\/\/noticiasregionais.com.br\/index.php?rest_route=%2Fwp%2Fv2%2Fmedia&parent=2593"}],"wp:term":[{"taxonomy":"category","embeddable":true,"href":"https:\/\/noticiasregionais.com.br\/index.php?rest_route=%2Fwp%2Fv2%2Fcategories&post=2593"},{"taxonomy":"post_tag","embeddable":true,"href":"https:\/\/noticiasregionais.com.br\/index.php?rest_route=%2Fwp%2Fv2%2Ftags&post=2593"}],"curies":[{"name":"wp","href":"https:\/\/api.w.org\/{rel}","templated":true}]}}