{"id":2599,"date":"2024-04-19T06:46:46","date_gmt":"2024-04-19T09:46:46","guid":{"rendered":"https:\/\/noticiasregionais.com.br\/?p=2599"},"modified":"2024-04-19T07:02:56","modified_gmt":"2024-04-19T10:02:56","slug":"pm-do-parana-realiza-exercicio-simulado-de-combate-ao-dominio-de-cidades-e-novo-cangaco","status":"publish","type":"post","link":"https:\/\/noticiasregionais.com.br\/?p=2599","title":{"rendered":"PM do Paran\u00e1 realiza exerc\u00edcio simulado de Combate ao Dom\u00ednio de Cidades e Novo Canga\u00e7o"},"content":{"rendered":"\n<p>Na madrugada do dia 17 de abril, na cidade de Wenceslau Braz, a Pol\u00edcia Militar do Estado do Paran\u00e1 realizou um exerc\u00edcio simulado de \u201cCombate aos Crimes Violentos contra o Patrim\u00f4nio e Dom\u00ednio de Cidades\u201d, que consistiu no ataque, por supostos homens armados com armas longas, \u00e0 empresa Brinks, al\u00e9m do cerco \u00e0 2\u00aa Companhia de Pol\u00edcia Militar do 2\u00ba Batalh\u00e3o de Pol\u00edcia Militar.<\/p>\n\n\n\n<p>A ocasi\u00e3o proporcionou o acionamento do Plano de Defesa Territorial do 2\u00baBPM, que conta com o acionamento de batalh\u00f5es circunvizinhos e de outros estados.&nbsp;<\/p>\n\n\n\n<p>\u201cO exerc\u00edcio propiciou a verifica\u00e7\u00e3o de funcionalidade e tempo de resposta do plano de conten\u00e7\u00e3o, bem como a garantia de seguran\u00e7a \u00e0 comunidade do norte pioneiro &nbsp;nesse tipo de evento\u201d, afirmou o Major Marcio Jaquetti, comandante do 2\u00baBPM , localizado em Wenceslau Braz.<\/p>\n\n\n\n<p>Al\u00e9m disso, o exerc\u00edcio foi tamb\u00e9m materializado atrav\u00e9s do Batalh\u00e3o de Opera\u00e7\u00f5es Especiais, respons\u00e1vel &nbsp;pela doutrina e replica\u00e7\u00e3o de t\u00e9cnica em ocorr\u00eancias de \u201cCrimes Violentos contra o Patrim\u00f4nio e Dom\u00ednio de Cidades\u201d&nbsp;<\/p>\n\n\n\n<p>\u201cA miss\u00e3o do BOPE neste exerc\u00edcio simulado \u00e9 proporcionar o m\u00e1ximo realismo poss\u00edvel nesse tipo de ocorr\u00eancia, em que cerca de 20 a 30 criminosos realizam o ataque \u00e0 institui\u00e7\u00e3o financeira. O exerc\u00edcio busca sempre o treinamento do policial, e \u00e9 realizado sempre de forma planejada pelo Comando-Geral &nbsp;da PMPR\u201d, ratificou o Comandante do Batalh\u00e3o de Opera\u00e7\u00f5es Especiais , Major Felipe Serbena.<\/p>\n\n\n\n<p>O exerc\u00edcio contou com a presen\u00e7a do Comandante e Subcomandante-Geral da PMPR, Coronel Jefferson Silva e Coronel Paulo Henrique Semmer.&nbsp;<\/p>\n\n\n\n<p>Este simulado \u00e9 apenas um dos exerc\u00edcios que ser\u00e3o realizados pela PMPR em todo estado durante esse ano, visando \u00e1 prepara\u00e7\u00e3o da tropa em caso do acontecimento real de tais situa\u00e7\u00f5es, al\u00e9m da reafirma\u00e7\u00e3o do compromisso da Corpora\u00e7\u00e3o com a seguran\u00e7a da comunidade paranaense.<\/p>\n\n\n\n<figure class=\"wp-block-embed is-type-video is-provider-youtube wp-block-embed-youtube wp-embed-aspect-16-9 wp-has-aspect-ratio\"><div class=\"wp-block-embed__wrapper\">\n<iframe loading=\"lazy\" title=\"PM do Paran\u00e1 realiza exerc\u00edcio de combate ao dom\u00ednio de cidades e novo canga\u00e7o em Wenceslau Braz.\" width=\"640\" height=\"360\" src=\"https:\/\/www.youtube.com\/embed\/UcZiOVhbPck?feature=oembed\" frameborder=\"0\" allow=\"accelerometer; autoplay; clipboard-write; encrypted-media; gyroscope; picture-in-picture; web-share\" referrerpolicy=\"strict-origin-when-cross-origin\" allowfullscreen><\/iframe>\n<\/div><\/figure>\n\n\n\n<p><sub><strong>fonte: Comunica\u00e7\u00e3o Social da PMPR<\/strong><\/sub><\/p>\n<input type=\"hidden\" id=\"baseurl\" value=\"https:\/\/noticiasregionais.com.br\"><input type=\"hidden\" id=\"audio_nonce\" value=\"533fbb67b1\">","protected":false},"excerpt":{"rendered":"<p>Na madrugada do dia 17 de abril, na cidade de Wenceslau Braz, a Pol\u00edcia Militar do Estado do Paran\u00e1 realizou&hellip;<\/p>\n","protected":false},"author":1,"featured_media":2600,"comment_status":"closed","ping_status":"open","sticky":false,"template":"","format":"standard","meta":{"sfsi_plus_gutenberg_text_before_share":"","sfsi_plus_gutenberg_show_text_before_share":"","sfsi_plus_gutenberg_icon_type":"","sfsi_plus_gutenberg_icon_alignemt":"","sfsi_plus_gutenburg_max_per_row":"","footnotes":""},"categories":[7,10,1],"tags":[],"class_list":["post-2599","post","type-post","status-publish","format-standard","has-post-thumbnail","hentry","category-parana","category-destaques","category-noticias"],"_links":{"self":[{"href":"https:\/\/noticiasregionais.com.br\/index.php?rest_route=\/wp\/v2\/posts\/2599","targetHints":{"allow":["GET"]}}],"collection":[{"href":"https:\/\/noticiasregionais.com.br\/index.php?rest_route=\/wp\/v2\/posts"}],"about":[{"href":"https:\/\/noticiasregionais.com.br\/index.php?rest_route=\/wp\/v2\/types\/post"}],"author":[{"embeddable":true,"href":"https:\/\/noticiasregionais.com.br\/index.php?rest_route=\/wp\/v2\/users\/1"}],"replies":[{"embeddable":true,"href":"https:\/\/noticiasregionais.com.br\/index.php?rest_route=%2Fwp%2Fv2%2Fcomments&post=2599"}],"version-history":[{"count":1,"href":"https:\/\/noticiasregionais.com.br\/index.php?rest_route=\/wp\/v2\/posts\/2599\/revisions"}],"predecessor-version":[{"id":2601,"href":"https:\/\/noticiasregionais.com.br\/index.php?rest_route=\/wp\/v2\/posts\/2599\/revisions\/2601"}],"wp:featuredmedia":[{"embeddable":true,"href":"https:\/\/noticiasregionais.com.br\/index.php?rest_route=\/wp\/v2\/media\/2600"}],"wp:attachment":[{"href":"https:\/\/noticiasregionais.com.br\/index.php?rest_route=%2Fwp%2Fv2%2Fmedia&parent=2599"}],"wp:term":[{"taxonomy":"category","embeddable":true,"href":"https:\/\/noticiasregionais.com.br\/index.php?rest_route=%2Fwp%2Fv2%2Fcategories&post=2599"},{"taxonomy":"post_tag","embeddable":true,"href":"https:\/\/noticiasregionais.com.br\/index.php?rest_route=%2Fwp%2Fv2%2Ftags&post=2599"}],"curies":[{"name":"wp","href":"https:\/\/api.w.org\/{rel}","templated":true}]}}