{"id":2602,"date":"2024-04-19T06:59:51","date_gmt":"2024-04-19T09:59:51","guid":{"rendered":"https:\/\/noticiasregionais.com.br\/?p=2602"},"modified":"2024-04-19T07:00:02","modified_gmt":"2024-04-19T10:00:02","slug":"camara-realiza-exposicao-publica-dos-documentos-referentes-as-contas-do-executivo-de-2021","status":"publish","type":"post","link":"https:\/\/noticiasregionais.com.br\/?p=2602","title":{"rendered":"C\u00e2mara realiza exposi\u00e7\u00e3o p\u00fablica dos documentos referentes \u00e0s Contas do Executivo de 2021"},"content":{"rendered":"\n<p>A C\u00e2mara Municipal de Ourinhos informa a toda a popula\u00e7\u00e3o que at\u00e9 o dia 22 de abril, nos hor\u00e1rios de expediente, das 8 \u00e0s 12 horas e das 14 \u00e0s 18 horas, em dias \u00fateis de segunda a sexta-feira, estar\u00e3o expostos os documentos das contas do Poder Executivo do ano de 2021.<\/p>\n\n\n\n<p>A requisi\u00e7\u00e3o dos documentos poder\u00e1 ser realizada na Secretaria-Geral ou na Comiss\u00e3o Permanente de Finan\u00e7as e Or\u00e7amento, que tamb\u00e9m ser\u00e1 a respons\u00e1vel por receber eventuais peti\u00e7\u00f5es apresentadas durante o per\u00edodo de exposi\u00e7\u00e3o p\u00fablica das contas.<\/p>\n\n\n\n<p>A forma da participa\u00e7\u00e3o popular tamb\u00e9m est\u00e1 garantida por meio dos canais da Ouvidoria da C\u00e2mara, com a identifica\u00e7\u00e3o do mun\u00edcipe (nome completo e R.G) e contato pelo whatsapp: (14) 99770-8221 ou telefone 0800 770 4364 e tamb\u00e9m no e-mail ouvidoria@camaraourinhos.sp.gov.br ou chat do site: www.camaraourinhos.sp.gov.br<\/p>\n\n\n\n<p>O Edital de Notifica\u00e7\u00e3o e documentos do Tribunal de Contas do Estado de S\u00e3o Paulo podem ser acessados pelo site <a href=\"https:\/\/www.camaraourinhos.sp.gov.br\/sessoes\/tipo:audiencia-publica-a\" target=\"_blank\" rel=\"noopener\">https:\/\/www.camaraourinhos.sp.gov.br\/sessoes\/tipo:audiencia-publica-a<\/a><\/p>\n<input type=\"hidden\" id=\"baseurl\" value=\"https:\/\/noticiasregionais.com.br\"><input type=\"hidden\" id=\"audio_nonce\" value=\"533fbb67b1\">","protected":false},"excerpt":{"rendered":"<p>A C\u00e2mara Municipal de Ourinhos informa a toda a popula\u00e7\u00e3o que at\u00e9 o dia 22 de abril, nos hor\u00e1rios de&hellip;<\/p>\n","protected":false},"author":1,"featured_media":2603,"comment_status":"closed","ping_status":"open","sticky":false,"template":"","format":"standard","meta":{"sfsi_plus_gutenberg_text_before_share":"","sfsi_plus_gutenberg_show_text_before_share":"","sfsi_plus_gutenberg_icon_type":"","sfsi_plus_gutenberg_icon_alignemt":"","sfsi_plus_gutenburg_max_per_row":"","footnotes":""},"categories":[5,10,1],"tags":[],"class_list":["post-2602","post","type-post","status-publish","format-standard","has-post-thumbnail","hentry","category-ourinhos","category-destaques","category-noticias"],"_links":{"self":[{"href":"https:\/\/noticiasregionais.com.br\/index.php?rest_route=\/wp\/v2\/posts\/2602","targetHints":{"allow":["GET"]}}],"collection":[{"href":"https:\/\/noticiasregionais.com.br\/index.php?rest_route=\/wp\/v2\/posts"}],"about":[{"href":"https:\/\/noticiasregionais.com.br\/index.php?rest_route=\/wp\/v2\/types\/post"}],"author":[{"embeddable":true,"href":"https:\/\/noticiasregionais.com.br\/index.php?rest_route=\/wp\/v2\/users\/1"}],"replies":[{"embeddable":true,"href":"https:\/\/noticiasregionais.com.br\/index.php?rest_route=%2Fwp%2Fv2%2Fcomments&post=2602"}],"version-history":[{"count":1,"href":"https:\/\/noticiasregionais.com.br\/index.php?rest_route=\/wp\/v2\/posts\/2602\/revisions"}],"predecessor-version":[{"id":2604,"href":"https:\/\/noticiasregionais.com.br\/index.php?rest_route=\/wp\/v2\/posts\/2602\/revisions\/2604"}],"wp:featuredmedia":[{"embeddable":true,"href":"https:\/\/noticiasregionais.com.br\/index.php?rest_route=\/wp\/v2\/media\/2603"}],"wp:attachment":[{"href":"https:\/\/noticiasregionais.com.br\/index.php?rest_route=%2Fwp%2Fv2%2Fmedia&parent=2602"}],"wp:term":[{"taxonomy":"category","embeddable":true,"href":"https:\/\/noticiasregionais.com.br\/index.php?rest_route=%2Fwp%2Fv2%2Fcategories&post=2602"},{"taxonomy":"post_tag","embeddable":true,"href":"https:\/\/noticiasregionais.com.br\/index.php?rest_route=%2Fwp%2Fv2%2Ftags&post=2602"}],"curies":[{"name":"wp","href":"https:\/\/api.w.org\/{rel}","templated":true}]}}