{"id":2612,"date":"2024-04-19T20:52:04","date_gmt":"2024-04-19T23:52:04","guid":{"rendered":"https:\/\/noticiasregionais.com.br\/?p=2612"},"modified":"2024-04-19T20:52:16","modified_gmt":"2024-04-19T23:52:16","slug":"celso-russomano-envia-emenda-de-240-mil-para-compra-de-motocicletas-e-equipamentos-da-gcm","status":"publish","type":"post","link":"https:\/\/noticiasregionais.com.br\/?p=2612","title":{"rendered":"Celso Russomano envia emenda de 240 mil para compra de motocicletas e equipamentos da GCM"},"content":{"rendered":"\n<p class=\"has-text-align-center\"><strong>A emenda foi solicitada e intermediada pelo GCM Victorino e representa uma grande conquista para a Seguran\u00e7a P\u00fablica do munic\u00edpio<\/strong><\/p>\n\n\n\n<p>O Deputado Federal Celso Russomanno destinou uma emenda no valor de 240 mil reais para a Guarda Civil Municipal de Ourinhos.<br>O valor ser\u00e1 destinado a compra de motocicletas e equipamentos. Essa aquisi\u00e7\u00e3o representa um marco importante para a seguran\u00e7a p\u00fablica em Ourinhos. As novas motocicletas proporcionar\u00e3o uma resposta ainda mais r\u00e1pida a popula\u00e7\u00e3o no atendimento de ocorr\u00eancia, maior mobilidade, visibilidade e presen\u00e7a, al\u00e9m de interagir com a comunidade atrav\u00e9s do policiamento comunit\u00e1rio.<br>O GCM Victorino, solicitante e intermediador desta emenda agradece ao Dep. Celso Russomanno pelo apoio a Guarda Municipal, e informa que a GCM Ourinhos est\u00e1 pronta para servir e proteger a comunidade sempre.<\/p>\n\n\n\n<figure class=\"wp-block-gallery has-nested-images columns-default is-cropped wp-block-gallery-1 is-layout-flex wp-block-gallery-is-layout-flex\">\n<figure class=\"wp-block-image size-large\"><img decoding=\"async\" width=\"1024\" height=\"1024\" data-id=\"2615\" src=\"https:\/\/noticiasregionais.com.br\/wp-content\/uploads\/2024\/04\/WhatsApp-Image-2024-04-19-at-13.56.26-1-1024x1024.jpeg\" alt=\"\" class=\"wp-image-2615\" srcset=\"https:\/\/noticiasregionais.com.br\/wp-content\/uploads\/2024\/04\/WhatsApp-Image-2024-04-19-at-13.56.26-1-1024x1024.jpeg 1024w, https:\/\/noticiasregionais.com.br\/wp-content\/uploads\/2024\/04\/WhatsApp-Image-2024-04-19-at-13.56.26-1-300x300.jpeg 300w, https:\/\/noticiasregionais.com.br\/wp-content\/uploads\/2024\/04\/WhatsApp-Image-2024-04-19-at-13.56.26-1-150x150.jpeg 150w, https:\/\/noticiasregionais.com.br\/wp-content\/uploads\/2024\/04\/WhatsApp-Image-2024-04-19-at-13.56.26-1-768x768.jpeg 768w, https:\/\/noticiasregionais.com.br\/wp-content\/uploads\/2024\/04\/WhatsApp-Image-2024-04-19-at-13.56.26-1-1536x1536.jpeg 1536w, https:\/\/noticiasregionais.com.br\/wp-content\/uploads\/2024\/04\/WhatsApp-Image-2024-04-19-at-13.56.26-1.jpeg 1600w\" sizes=\"(max-width: 1024px) 100vw, 1024px\" \/><\/figure>\n\n\n\n<figure class=\"wp-block-image size-large\"><img decoding=\"async\" width=\"678\" height=\"452\" data-id=\"2613\" src=\"https:\/\/noticiasregionais.com.br\/wp-content\/uploads\/2024\/04\/WhatsApp-Image-2024-04-19-at-13.56.26.jpeg\" alt=\"\" class=\"wp-image-2613\" srcset=\"https:\/\/noticiasregionais.com.br\/wp-content\/uploads\/2024\/04\/WhatsApp-Image-2024-04-19-at-13.56.26.jpeg 678w, https:\/\/noticiasregionais.com.br\/wp-content\/uploads\/2024\/04\/WhatsApp-Image-2024-04-19-at-13.56.26-300x200.jpeg 300w\" sizes=\"(max-width: 678px) 100vw, 678px\" \/><\/figure>\n<\/figure>\n<input type=\"hidden\" id=\"baseurl\" value=\"https:\/\/noticiasregionais.com.br\"><input type=\"hidden\" id=\"audio_nonce\" value=\"533fbb67b1\">","protected":false},"excerpt":{"rendered":"<p>A emenda foi solicitada e intermediada pelo GCM Victorino e representa uma grande conquista para a Seguran\u00e7a P\u00fablica do munic\u00edpio&hellip;<\/p>\n","protected":false},"author":1,"featured_media":2614,"comment_status":"closed","ping_status":"open","sticky":false,"template":"","format":"standard","meta":{"sfsi_plus_gutenberg_text_before_share":"","sfsi_plus_gutenberg_show_text_before_share":"","sfsi_plus_gutenberg_icon_type":"","sfsi_plus_gutenberg_icon_alignemt":"","sfsi_plus_gutenburg_max_per_row":"","footnotes":""},"categories":[5,12,1],"tags":[],"class_list":["post-2612","post","type-post","status-publish","format-standard","has-post-thumbnail","hentry","category-ourinhos","category-capa","category-noticias"],"_links":{"self":[{"href":"https:\/\/noticiasregionais.com.br\/index.php?rest_route=\/wp\/v2\/posts\/2612","targetHints":{"allow":["GET"]}}],"collection":[{"href":"https:\/\/noticiasregionais.com.br\/index.php?rest_route=\/wp\/v2\/posts"}],"about":[{"href":"https:\/\/noticiasregionais.com.br\/index.php?rest_route=\/wp\/v2\/types\/post"}],"author":[{"embeddable":true,"href":"https:\/\/noticiasregionais.com.br\/index.php?rest_route=\/wp\/v2\/users\/1"}],"replies":[{"embeddable":true,"href":"https:\/\/noticiasregionais.com.br\/index.php?rest_route=%2Fwp%2Fv2%2Fcomments&post=2612"}],"version-history":[{"count":1,"href":"https:\/\/noticiasregionais.com.br\/index.php?rest_route=\/wp\/v2\/posts\/2612\/revisions"}],"predecessor-version":[{"id":2616,"href":"https:\/\/noticiasregionais.com.br\/index.php?rest_route=\/wp\/v2\/posts\/2612\/revisions\/2616"}],"wp:featuredmedia":[{"embeddable":true,"href":"https:\/\/noticiasregionais.com.br\/index.php?rest_route=\/wp\/v2\/media\/2614"}],"wp:attachment":[{"href":"https:\/\/noticiasregionais.com.br\/index.php?rest_route=%2Fwp%2Fv2%2Fmedia&parent=2612"}],"wp:term":[{"taxonomy":"category","embeddable":true,"href":"https:\/\/noticiasregionais.com.br\/index.php?rest_route=%2Fwp%2Fv2%2Fcategories&post=2612"},{"taxonomy":"post_tag","embeddable":true,"href":"https:\/\/noticiasregionais.com.br\/index.php?rest_route=%2Fwp%2Fv2%2Ftags&post=2612"}],"curies":[{"name":"wp","href":"https:\/\/api.w.org\/{rel}","templated":true}]}}