{"id":2617,"date":"2024-04-21T09:50:17","date_gmt":"2024-04-21T12:50:17","guid":{"rendered":"https:\/\/noticiasregionais.com.br\/?p=2617"},"modified":"2024-04-22T09:14:08","modified_gmt":"2024-04-22T12:14:08","slug":"policia-rodoviaria-prende-individuo-por-trafico-de-drogas-em-rodovia-de-marilia-sp","status":"publish","type":"post","link":"https:\/\/noticiasregionais.com.br\/?p=2617","title":{"rendered":"Pol\u00edcia Rodovi\u00e1ria prende indiv\u00edduo por tr\u00e1fico de drogas em rodovia de Mar\u00edlia\/SP"},"content":{"rendered":"\n<p>Na manh\u00e3 de hoje, durante uma opera\u00e7\u00e3o da Pol\u00edcia Militar Rodovi\u00e1ria, um indiv\u00edduo foi preso por tr\u00e1fico de drogas na Rodovia Rachid Rayes (SP-333), em Mar\u00edlia.<\/p>\n\n\n\n<p>A a\u00e7\u00e3o aconteceu por volta das 9h, quando os policiais abordaram um \u00f4nibus interestadual para fiscaliza\u00e7\u00e3o. Durante a revista, um passageiro apresentou comportamento nervoso, o que despertou a aten\u00e7\u00e3o dos agentes. Ao inspecionar a bagagem do homem, com 43 anos de idade, os policiais encontraram quatro por\u00e7\u00f5es de maconha, totalizando 5,350 kg da droga.<\/p>\n\n\n\n<p>Ap\u00f3s consulta no sistema Prodesp, foi constatado que o indiv\u00edduo era foragido da justi\u00e7a desde 2019, quando n\u00e3o retornou da Sa\u00edda Tempor\u00e1ria de Natal e Ano Novo. O homem j\u00e1 cumpria pena por tr\u00e1fico de drogas.<\/p>\n\n\n\n<p>Diante dos fatos, a droga foi apreendida e o indiv\u00edduo foi preso em flagrante. Ele foi encaminhado \u00e0 Central de Pol\u00edcia Judici\u00e1ria (CPJ) de Mar\u00edlia, onde permanecer\u00e1 \u00e0 disposi\u00e7\u00e3o da justi\u00e7a.<\/p>\n\n\n\n<p><strong>Pol\u00edcia Militar: Rumo aos 200 anos! Vamos todos juntos. Ningu\u00e9m fica para tr\u00e1s.<\/strong><\/p>\n<input type=\"hidden\" id=\"baseurl\" value=\"https:\/\/noticiasregionais.com.br\"><input type=\"hidden\" id=\"audio_nonce\" value=\"3cdc555a10\">","protected":false},"excerpt":{"rendered":"<p>Na manh\u00e3 de hoje, durante uma opera\u00e7\u00e3o da Pol\u00edcia Militar Rodovi\u00e1ria, um indiv\u00edduo foi preso por tr\u00e1fico de drogas na&hellip;<\/p>\n","protected":false},"author":1,"featured_media":2618,"comment_status":"closed","ping_status":"open","sticky":false,"template":"","format":"standard","meta":{"sfsi_plus_gutenberg_text_before_share":"","sfsi_plus_gutenberg_show_text_before_share":"","sfsi_plus_gutenberg_icon_type":"","sfsi_plus_gutenberg_icon_alignemt":"","sfsi_plus_gutenburg_max_per_row":"","footnotes":""},"categories":[6,12,1],"tags":[],"class_list":["post-2617","post","type-post","status-publish","format-standard","has-post-thumbnail","hentry","category-sao_paulo","category-capa","category-noticias"],"_links":{"self":[{"href":"https:\/\/noticiasregionais.com.br\/index.php?rest_route=\/wp\/v2\/posts\/2617","targetHints":{"allow":["GET"]}}],"collection":[{"href":"https:\/\/noticiasregionais.com.br\/index.php?rest_route=\/wp\/v2\/posts"}],"about":[{"href":"https:\/\/noticiasregionais.com.br\/index.php?rest_route=\/wp\/v2\/types\/post"}],"author":[{"embeddable":true,"href":"https:\/\/noticiasregionais.com.br\/index.php?rest_route=\/wp\/v2\/users\/1"}],"replies":[{"embeddable":true,"href":"https:\/\/noticiasregionais.com.br\/index.php?rest_route=%2Fwp%2Fv2%2Fcomments&post=2617"}],"version-history":[{"count":2,"href":"https:\/\/noticiasregionais.com.br\/index.php?rest_route=\/wp\/v2\/posts\/2617\/revisions"}],"predecessor-version":[{"id":2630,"href":"https:\/\/noticiasregionais.com.br\/index.php?rest_route=\/wp\/v2\/posts\/2617\/revisions\/2630"}],"wp:featuredmedia":[{"embeddable":true,"href":"https:\/\/noticiasregionais.com.br\/index.php?rest_route=\/wp\/v2\/media\/2618"}],"wp:attachment":[{"href":"https:\/\/noticiasregionais.com.br\/index.php?rest_route=%2Fwp%2Fv2%2Fmedia&parent=2617"}],"wp:term":[{"taxonomy":"category","embeddable":true,"href":"https:\/\/noticiasregionais.com.br\/index.php?rest_route=%2Fwp%2Fv2%2Fcategories&post=2617"},{"taxonomy":"post_tag","embeddable":true,"href":"https:\/\/noticiasregionais.com.br\/index.php?rest_route=%2Fwp%2Fv2%2Ftags&post=2617"}],"curies":[{"name":"wp","href":"https:\/\/api.w.org\/{rel}","templated":true}]}}