{"id":2626,"date":"2024-04-22T08:03:41","date_gmt":"2024-04-22T11:03:41","guid":{"rendered":"https:\/\/noticiasregionais.com.br\/?p=2626"},"modified":"2024-04-22T13:23:31","modified_gmt":"2024-04-22T16:23:31","slug":"justica-proibe-uso-da-frase-sob-a-protecao-de-deus-e-leitura-biblica-em-sessoes-da-camara-de-bauru","status":"publish","type":"post","link":"https:\/\/noticiasregionais.com.br\/?p=2626","title":{"rendered":"Justi\u00e7a pro\u00edbe uso da frase &#8216;sob a prote\u00e7\u00e3o de Deus&#8217; e leitura b\u00edblica em sess\u00f5es da C\u00e2mara de Bauru"},"content":{"rendered":"\n<p class=\"has-text-align-center\"><strong>Al\u00e9m da leitura da B\u00edblia no momento de abertura das sess\u00f5es, a decis\u00e3o judicial derruba tamb\u00e9m a determina\u00e7\u00e3o do regimento para que a B\u00edblia permane\u00e7a sobre a Mesa Diretora da Casa durante as sess\u00f5es. Decis\u00e3o cabe recurso<\/strong><\/p>\n\n\n\n<p>O \u00d3rg\u00e3o Especial do Tribunal de Justi\u00e7a de S\u00e3o Paulo (TJ-SP) declarou inconstitucional a leitura b\u00edblica e o uso da frase \u201csob a prote\u00e7\u00e3o de Deus\u201d no in\u00edcio das sess\u00f5es da C\u00e2mara Municipal de Bauru (SP). Com isso, o rito deixar\u00e1 de ser adotado na abertura dos trabalhos legislativos.<\/p>\n\n\n\n<p>A decis\u00e3o un\u00e2nime dos magistrados do \u00f3rg\u00e3o especial do TJ-SP, respons\u00e1vel pela an\u00e1lise de a\u00e7\u00f5es nesse sentido, foi proferida no \u00faltimo dia 17 de abril.<\/p>\n\n\n\n<p>Em nota, a C\u00e2mara Municipal de Bauru afirmou que ainda n\u00e3o foi notificada, mas que, assim que tiver conhecimento da decis\u00e3o, ir\u00e1 recorrer.<\/p>\n\n\n\n<p>O presidente do legislativo bauruense, o vereador Junior Rodrigues (PSD) ressaltou que &#8220;o regimento interno (Resolu\u00e7\u00e3o n.\u00ba 263\/1990) est\u00e1 em vig\u00eancia h\u00e1 33 anos no munic\u00edpio, e nunca houve nenhuma indaga\u00e7\u00e3o sobre tais dispositivos por qualquer pessoa que seja, a indicar um contexto de privil\u00e9gio, preconceito, discrimina\u00e7\u00e3o ou intoler\u00e2ncia religiosa&#8221;.<\/p>\n\n\n\n<p>O caso foi julgado por meio de uma A\u00e7\u00e3o Direta de Inconstitucionalidade (ADI), ajuizada pela Procuradoria-Geral de Justi\u00e7a, \u00f3rg\u00e3o m\u00e1ximo do Minist\u00e9rio P\u00fablico de S\u00e3o Paulo (MP-SP), que alegou que o dispositivo da C\u00e2mara fere o princ\u00edpio do Estado laico.<\/p>\n\n\n\n<p>Al\u00e9m da leitura da B\u00edblia no momento de abertura das sess\u00f5es, a decis\u00e3o judicial derruba tamb\u00e9m a determina\u00e7\u00e3o do regimento para que a B\u00edblia permane\u00e7a sobre a Mesa Diretora da Casa durante as sess\u00f5es.<\/p>\n\n\n\n<p>De acordo com a decis\u00e3o, os dispositivos violam o princ\u00edpio da laicidade do estado brasileiro, pois a C\u00e2mara de Bauru, como uma institui\u00e7\u00e3o p\u00fablica inserida em um estado laico, n\u00e3o pode privilegiar uma religi\u00e3o em detrimento das demais ou daqueles que n\u00e3o possuem cren\u00e7a religiosa.<\/p>\n\n\n\n<p>&#8220;N\u00e3o compete ao Poder Legislativo municipal criar prefer\u00eancia por determinada religi\u00e3o &#8211; como o faz pela invoca\u00e7\u00e3o a &#8216;Deus&#8217;, disponibiliza\u00e7\u00e3o da B\u00edblia e a exig\u00eancia da leitura de trecho da B\u00edblia para iniciar a sess\u00e3o legislativa na C\u00e2mara Municipal &#8211; voltado exclusivamente aos seguidores dos princ\u00edpios dos credos monote\u00edstas, alijando outras cren\u00e7as presentes no tecido social brasileiro que n\u00e3o ostentem essa caracter\u00edstica&#8221;, consta na decis\u00e3o.<\/p>\n\n\n\n<p>A C\u00e2mara de Bauru tentou defender os dispositivos sob o argumento de que &#8220;todas as Constitui\u00e7\u00f5es brasileiras, exceto as de 1891 e 1937, invocaram a prote\u00e7\u00e3o de Deus quando foram promulgadas&#8221;.<\/p>\n\n\n\n<p>Al\u00e9m disso, a Casa ressaltou tamb\u00e9m que &#8220;n\u00e3o se trata de ado\u00e7\u00e3o de ideologia ou corrente religiosa em detrimento de outra, mas sim de uma manifesta\u00e7\u00e3o hist\u00f3rico-cultural de uma f\u00e9 em Deus gen\u00e9rica e abstratamente considerada&#8221;.<\/p>\n\n\n\n<p><strong><sub>Fonte: G1 Bauru e Mar\u00edlia.<\/sub><\/strong><\/p>\n<input type=\"hidden\" id=\"baseurl\" value=\"https:\/\/noticiasregionais.com.br\"><input type=\"hidden\" id=\"audio_nonce\" value=\"533fbb67b1\">","protected":false},"excerpt":{"rendered":"<p>Al\u00e9m da leitura da B\u00edblia no momento de abertura das sess\u00f5es, a decis\u00e3o judicial derruba tamb\u00e9m a determina\u00e7\u00e3o do regimento&hellip;<\/p>\n","protected":false},"author":1,"featured_media":2627,"comment_status":"closed","ping_status":"open","sticky":false,"template":"","format":"standard","meta":{"sfsi_plus_gutenberg_text_before_share":"","sfsi_plus_gutenberg_show_text_before_share":"","sfsi_plus_gutenberg_icon_type":"","sfsi_plus_gutenberg_icon_alignemt":"","sfsi_plus_gutenburg_max_per_row":"","footnotes":""},"categories":[6,10,1],"tags":[],"class_list":["post-2626","post","type-post","status-publish","format-standard","has-post-thumbnail","hentry","category-sao_paulo","category-destaques","category-noticias"],"_links":{"self":[{"href":"https:\/\/noticiasregionais.com.br\/index.php?rest_route=\/wp\/v2\/posts\/2626","targetHints":{"allow":["GET"]}}],"collection":[{"href":"https:\/\/noticiasregionais.com.br\/index.php?rest_route=\/wp\/v2\/posts"}],"about":[{"href":"https:\/\/noticiasregionais.com.br\/index.php?rest_route=\/wp\/v2\/types\/post"}],"author":[{"embeddable":true,"href":"https:\/\/noticiasregionais.com.br\/index.php?rest_route=\/wp\/v2\/users\/1"}],"replies":[{"embeddable":true,"href":"https:\/\/noticiasregionais.com.br\/index.php?rest_route=%2Fwp%2Fv2%2Fcomments&post=2626"}],"version-history":[{"count":1,"href":"https:\/\/noticiasregionais.com.br\/index.php?rest_route=\/wp\/v2\/posts\/2626\/revisions"}],"predecessor-version":[{"id":2628,"href":"https:\/\/noticiasregionais.com.br\/index.php?rest_route=\/wp\/v2\/posts\/2626\/revisions\/2628"}],"wp:featuredmedia":[{"embeddable":true,"href":"https:\/\/noticiasregionais.com.br\/index.php?rest_route=\/wp\/v2\/media\/2627"}],"wp:attachment":[{"href":"https:\/\/noticiasregionais.com.br\/index.php?rest_route=%2Fwp%2Fv2%2Fmedia&parent=2626"}],"wp:term":[{"taxonomy":"category","embeddable":true,"href":"https:\/\/noticiasregionais.com.br\/index.php?rest_route=%2Fwp%2Fv2%2Fcategories&post=2626"},{"taxonomy":"post_tag","embeddable":true,"href":"https:\/\/noticiasregionais.com.br\/index.php?rest_route=%2Fwp%2Fv2%2Ftags&post=2626"}],"curies":[{"name":"wp","href":"https:\/\/api.w.org\/{rel}","templated":true}]}}