{"id":263,"date":"2023-09-07T10:58:38","date_gmt":"2023-09-07T13:58:38","guid":{"rendered":"https:\/\/noticiasregionais.com.br\/?p=263"},"modified":"2023-09-07T11:16:11","modified_gmt":"2023-09-07T14:16:11","slug":"com-alerta-para-mais-temporais-rs-contabiliza-37-mortes-e-busca-desaparecidos","status":"publish","type":"post","link":"https:\/\/noticiasregionais.com.br\/?p=263","title":{"rendered":"Com alerta para mais temporais, RS contabiliza 37 mortes e busca desaparecidos"},"content":{"rendered":"\n<p>Subiu para 37 o n\u00famero de mortes confirmadas no Rio Grande do Sul, nos \u00faltimos dias, devido \u00e0 passagem de um ciclone extratropical que provocou inunda\u00e7\u00f5es e destrui\u00e7\u00e3o. O n\u00famero de cidades afetadas chega a 79 e o governo decretou estado de calamidade p\u00fablica, al\u00e9m de cancelar os desfiles de 7 de Setembro previstos para esta quinta-feira. Os munic\u00edpios mais prejudicados s\u00e3o aqueles onde o rio Taquari transbordou e deixou constru\u00e7\u00f5es debaixo d\u2019\u00e1gua, como Mu\u00e7um, com 14 mortes, Roca Sales, com 9, e Lajeado, com 3. Dezenas de desaparecidos ainda s\u00e3o procurados \u00e0 medida em que o n\u00edvel das \u00e1guas come\u00e7a a baixar, mas a previs\u00e3o de novas chuvas pode complicar as buscas e inundar mais \u00e1reas banhadas por outros rios. A Defesa Civil emitiu alerta para temporais com raios, queda de granizo e rajadas de vento em quase todo o Estado nesta quinta.<\/p>\n\n\n\n<p>Depois de visita de ministros nesta quarta, 6, o governo federal anunciou apoio para libera\u00e7\u00e3o de recursos e a Caixa autorizou saques do FGTS para as fam\u00edlias afetadas. O governador do Rio Grande do Sul, Eduardo Leite (PSDB), tamb\u00e9m pediu o aux\u00edlio de mais aeronaves e equipes das For\u00e7as Armadas para as opera\u00e7\u00f5es de resgate. A Defesa Civil do RS contabiliza mais de 58 mil pessoas afetadas, com 2,3 mil desabrigados e 3,5 mil desalojados. As prefeituras correm para agilizar a decreta\u00e7\u00e3o de emerg\u00eancia que permite o acesso a verbas estaduais e federais para reconstru\u00e7\u00e3o.<\/p>\n\n\n\n<p>fonte: Jovem Pan News<\/p>\n<input type=\"hidden\" id=\"baseurl\" value=\"https:\/\/noticiasregionais.com.br\"><input type=\"hidden\" id=\"audio_nonce\" value=\"533fbb67b1\">","protected":false},"excerpt":{"rendered":"<p>Subiu para 37 o n\u00famero de mortes confirmadas no Rio Grande do Sul, nos \u00faltimos dias, devido \u00e0 passagem de&hellip;<\/p>\n","protected":false},"author":1,"featured_media":264,"comment_status":"closed","ping_status":"open","sticky":false,"template":"","format":"standard","meta":{"sfsi_plus_gutenberg_text_before_share":"","sfsi_plus_gutenberg_show_text_before_share":"","sfsi_plus_gutenberg_icon_type":"","sfsi_plus_gutenberg_icon_alignemt":"","sfsi_plus_gutenburg_max_per_row":"","footnotes":""},"categories":[8,10,1],"tags":[],"class_list":["post-263","post","type-post","status-publish","format-standard","has-post-thumbnail","hentry","category-brasil","category-destaques","category-noticias"],"_links":{"self":[{"href":"https:\/\/noticiasregionais.com.br\/index.php?rest_route=\/wp\/v2\/posts\/263","targetHints":{"allow":["GET"]}}],"collection":[{"href":"https:\/\/noticiasregionais.com.br\/index.php?rest_route=\/wp\/v2\/posts"}],"about":[{"href":"https:\/\/noticiasregionais.com.br\/index.php?rest_route=\/wp\/v2\/types\/post"}],"author":[{"embeddable":true,"href":"https:\/\/noticiasregionais.com.br\/index.php?rest_route=\/wp\/v2\/users\/1"}],"replies":[{"embeddable":true,"href":"https:\/\/noticiasregionais.com.br\/index.php?rest_route=%2Fwp%2Fv2%2Fcomments&post=263"}],"version-history":[{"count":1,"href":"https:\/\/noticiasregionais.com.br\/index.php?rest_route=\/wp\/v2\/posts\/263\/revisions"}],"predecessor-version":[{"id":265,"href":"https:\/\/noticiasregionais.com.br\/index.php?rest_route=\/wp\/v2\/posts\/263\/revisions\/265"}],"wp:featuredmedia":[{"embeddable":true,"href":"https:\/\/noticiasregionais.com.br\/index.php?rest_route=\/wp\/v2\/media\/264"}],"wp:attachment":[{"href":"https:\/\/noticiasregionais.com.br\/index.php?rest_route=%2Fwp%2Fv2%2Fmedia&parent=263"}],"wp:term":[{"taxonomy":"category","embeddable":true,"href":"https:\/\/noticiasregionais.com.br\/index.php?rest_route=%2Fwp%2Fv2%2Fcategories&post=263"},{"taxonomy":"post_tag","embeddable":true,"href":"https:\/\/noticiasregionais.com.br\/index.php?rest_route=%2Fwp%2Fv2%2Ftags&post=263"}],"curies":[{"name":"wp","href":"https:\/\/api.w.org\/{rel}","templated":true}]}}