{"id":2631,"date":"2024-04-22T13:22:51","date_gmt":"2024-04-22T16:22:51","guid":{"rendered":"https:\/\/noticiasregionais.com.br\/?p=2631"},"modified":"2024-04-22T13:23:03","modified_gmt":"2024-04-22T16:23:03","slug":"policia-militar-prende-procurado-e-apreende-drogas-e-produtos-de-furto-em-santa-cruz-do-rio-pardo","status":"publish","type":"post","link":"https:\/\/noticiasregionais.com.br\/?p=2631","title":{"rendered":"Pol\u00edcia Militar prende procurado e apreende drogas e produtos de furto em Santa Cruz do Rio Pardo"},"content":{"rendered":"\n<p>A Pol\u00edcia Militar, por meio da Equipe K9 do 13\u00ba BAEP, prendeu um homem procurado pela Justi\u00e7a e apreendeu drogas e produtos de furto durante uma a\u00e7\u00e3o na Rua Duque de Caxias, no Bairro Divineia, em Santa Cruz do Rio Pardo, na manh\u00e3 da Sexta-Feira (19).<\/p>\n\n\n\n<p>A equipe realizava patrulhamento de rotina quando avistou o indiv\u00edduo em atitude suspeita, em contato com um usu\u00e1rio de drogas. Ao perceber a presen\u00e7a dos policiais, o homem dispensou certa quantidade de crack e tentou fugir, mas foi detido.<\/p>\n\n\n\n<p>Com o apoio da cadela farejadora da equipe, foi realizada uma busca na resid\u00eancia do detido, onde foram localizados mais crack, anota\u00e7\u00f5es com a contabilidade do tr\u00e1fico de drogas e R$ 234,00 em dinheiro. No quintal, a cadela tamb\u00e9m indicou por\u00e7\u00f5es de maconha.<\/p>\n\n\n\n<p>Ainda na resid\u00eancia, a equipe encontrou diversos produtos de furto, que teriam sido adquiridos em troca de drogas.<\/p>\n\n\n\n<p>O homem preso, j\u00e1 com mandado de pris\u00e3o em aberto, foi encaminhado \u00e0 CPJ de Santa Cruz do Rio Pardo. As drogas e os produtos de furto tamb\u00e9m foram apreendidos.<\/p>\n\n\n\n<p><strong>Materiais apreendidos:<\/strong><\/p>\n\n\n\n<ul class=\"wp-block-list\">\n<li>0,007 kg de crack<\/li>\n\n\n\n<li>0,006 kg de maconha<\/li>\n\n\n\n<li>Diversos produtos de furto<\/li>\n\n\n\n<li>R$ 234,00 em dinheiro<\/li>\n<\/ul>\n\n\n\n<p><strong>A Pol\u00edcia Militar refor\u00e7a seu compromisso no combate ao crime e \u00e0 impunidade.<\/strong><\/p>\n<input type=\"hidden\" id=\"baseurl\" value=\"https:\/\/noticiasregionais.com.br\"><input type=\"hidden\" id=\"audio_nonce\" value=\"533fbb67b1\">","protected":false},"excerpt":{"rendered":"<p>A Pol\u00edcia Militar, por meio da Equipe K9 do 13\u00ba BAEP, prendeu um homem procurado pela Justi\u00e7a e apreendeu drogas&hellip;<\/p>\n","protected":false},"author":1,"featured_media":2632,"comment_status":"closed","ping_status":"open","sticky":false,"template":"","format":"standard","meta":{"sfsi_plus_gutenberg_text_before_share":"","sfsi_plus_gutenberg_show_text_before_share":"","sfsi_plus_gutenberg_icon_type":"","sfsi_plus_gutenberg_icon_alignemt":"","sfsi_plus_gutenburg_max_per_row":"","footnotes":""},"categories":[6,12,1],"tags":[],"class_list":["post-2631","post","type-post","status-publish","format-standard","has-post-thumbnail","hentry","category-sao_paulo","category-capa","category-noticias"],"_links":{"self":[{"href":"https:\/\/noticiasregionais.com.br\/index.php?rest_route=\/wp\/v2\/posts\/2631","targetHints":{"allow":["GET"]}}],"collection":[{"href":"https:\/\/noticiasregionais.com.br\/index.php?rest_route=\/wp\/v2\/posts"}],"about":[{"href":"https:\/\/noticiasregionais.com.br\/index.php?rest_route=\/wp\/v2\/types\/post"}],"author":[{"embeddable":true,"href":"https:\/\/noticiasregionais.com.br\/index.php?rest_route=\/wp\/v2\/users\/1"}],"replies":[{"embeddable":true,"href":"https:\/\/noticiasregionais.com.br\/index.php?rest_route=%2Fwp%2Fv2%2Fcomments&post=2631"}],"version-history":[{"count":1,"href":"https:\/\/noticiasregionais.com.br\/index.php?rest_route=\/wp\/v2\/posts\/2631\/revisions"}],"predecessor-version":[{"id":2633,"href":"https:\/\/noticiasregionais.com.br\/index.php?rest_route=\/wp\/v2\/posts\/2631\/revisions\/2633"}],"wp:featuredmedia":[{"embeddable":true,"href":"https:\/\/noticiasregionais.com.br\/index.php?rest_route=\/wp\/v2\/media\/2632"}],"wp:attachment":[{"href":"https:\/\/noticiasregionais.com.br\/index.php?rest_route=%2Fwp%2Fv2%2Fmedia&parent=2631"}],"wp:term":[{"taxonomy":"category","embeddable":true,"href":"https:\/\/noticiasregionais.com.br\/index.php?rest_route=%2Fwp%2Fv2%2Fcategories&post=2631"},{"taxonomy":"post_tag","embeddable":true,"href":"https:\/\/noticiasregionais.com.br\/index.php?rest_route=%2Fwp%2Fv2%2Ftags&post=2631"}],"curies":[{"name":"wp","href":"https:\/\/api.w.org\/{rel}","templated":true}]}}