{"id":2634,"date":"2024-04-23T06:53:09","date_gmt":"2024-04-23T09:53:09","guid":{"rendered":"https:\/\/noticiasregionais.com.br\/?p=2634"},"modified":"2024-04-23T06:53:12","modified_gmt":"2024-04-23T09:53:12","slug":"industriais-mostram-insatisfacao-com-a-situacao-financeira-que-enfrentam-revela-cni","status":"publish","type":"post","link":"https:\/\/noticiasregionais.com.br\/?p=2634","title":{"rendered":"Industriais mostram insatisfa\u00e7\u00e3o com a situa\u00e7\u00e3o financeira que enfrentam; revela CNI"},"content":{"rendered":"\n<p class=\"has-text-align-center\"><strong>Especialista explica os principais desafios enfrentados pela ind\u00fastria no in\u00edcio deste ano<\/strong><\/p>\n\n\n\n<p>Os empres\u00e1rios industriais mostraram insatisfa\u00e7\u00e3o com a situa\u00e7\u00e3o financeira que enfrentam&nbsp;no in\u00edcio deste ano, aponta a pesquisa da Confedera\u00e7\u00e3o Nacional da Ind\u00fastria (CNI), Sondagem Industrial. O \u00edndice de satisfa\u00e7\u00e3o registrou uma queda de 1,6 ponto em compara\u00e7\u00e3o com o \u00faltimo trimestre de 2023, passando de 51,1 para 49,4 pontos em mar\u00e7o de 2024.<\/p>\n\n\n\n<p>De acordo com a CNI, essa varia\u00e7\u00e3o indica uma transi\u00e7\u00e3o da percep\u00e7\u00e3o positiva para uma vis\u00e3o mais desfavor\u00e1vel entre os empres\u00e1rios, especialmente em rela\u00e7\u00e3o ao lucro. Al\u00e9m disso, o \u00edndice de evolu\u00e7\u00e3o do pre\u00e7o de mat\u00e9rias-primas subiu 2 pontos, passando de 54,8 para 56,8 pontos.<\/p>\n\n\n\n<p>Para Marcelo Azevedo, gerente de an\u00e1lise econ\u00f4mica da CNI, os principais problemas enfrentados pela ind\u00fastria foram a elevada carga tribut\u00e1ria e a demanda interna insuficiente.<\/p>\n\n\n\n<p>\u201cChama a aten\u00e7\u00e3o o terceiro principal problema: falta ou alta dos insumos e mat\u00e9rias-primas, que estava na sexta posi\u00e7\u00e3o no final do ano passado e agora est\u00e1 na terceira. Ao se perguntar sobre a evolu\u00e7\u00e3o dos pre\u00e7os dos seus insumos e mat\u00e9rias-primas, os empres\u00e1rios mostraram maior preocupa\u00e7\u00e3o, viram uma maior intensidade e maior percep\u00e7\u00e3o desse aumento dos pre\u00e7os da passagem do \u00faltimo trimestre de 2023 para o primeiro trimestre de 2024&#8243;,&nbsp;aponta.<\/p>\n\n\n\n<p>Ele ressalta que houve uma percep\u00e7\u00e3o de piora no acesso ao cr\u00e9dito, tornando-o mais dif\u00edcil, o que impactou negativamente a satisfa\u00e7\u00e3o com a margem de lucros. De acordo com Azevedo, essa situa\u00e7\u00e3o j\u00e1 era insatisfat\u00f3ria no final do ano passado e se agravou desde ent\u00e3o.&nbsp;<\/p>\n\n\n\n<p>Al\u00e9m disso, a pesquisa mostra que houve um aumento na produ\u00e7\u00e3o industrial e no emprego nas ind\u00fastrias de m\u00e9dio e grande porte. Em mar\u00e7o deste ano, o indicador de evolu\u00e7\u00e3o da produ\u00e7\u00e3o atingiu 51 pontos, em compara\u00e7\u00e3o com os 48,5 pontos registrados em fevereiro.<\/p>\n\n\n\n<p>\u201cDe um modo geral a expectativa dos empres\u00e1rios melhorou na passagem de mar\u00e7o para abril. E&nbsp;mais do que isso:&nbsp;se afastaram do que \u00e9 o normal para o per\u00edodo&nbsp; Est\u00e3o mais otimistas do que o normal para meses de abril. E isso se reflete tamb\u00e9m at\u00e9 na inten\u00e7\u00e3o de investimento, que tamb\u00e9m aumentou na passagem de mar\u00e7o para abril\u201d, completa.<\/p>\n\n\n\n<h2 class=\"wp-block-heading\">Sondagem Industrial<\/h2>\n\n\n\n<p>A Sondagem Industrial, realizada pela CNI, entrevistou 1.576 empresas de pequeno, m\u00e9dio e grande porte a cada m\u00eas, entre os dias 1\u00ba e 9 de abril de 2024. O estudo trata do desempenho da ind\u00fastria, das condi\u00e7\u00f5es financeiras, dos principais desafios e das expectativas das empresas do setor.<\/p>\n\n\n\n<p><strong>Leia mais:<\/strong><\/p>\n\n\n\n<p><a href=\"https:\/\/brasil61.com\/n\/setor-de-maquinas-e-equipamentos-registra-alta-na-receita-em-fevereiro-bras2411363\" target=\"_blank\" rel=\"noopener\">Setor de m\u00e1quinas e equipamentos registra alta na receita em fevereiro<\/a><\/p>\n\n\n\n<p>Fonte: <a href=\"https:\/\/brasil61.com\/n\/empresarios-industriais-mostram-insatisfacao-com-a-situacao-financeira-que-enfrentam-revela-cni-bras2411551?email=fxmendes2012@gmail.com&amp;utm_source=newsletter&amp;utm_medium=newsletter&amp;utm_campaign=newsletter\" target=\"_blank\" rel=\"noreferrer noopener\">Brasil 61<\/a><\/p>\n<input type=\"hidden\" id=\"baseurl\" value=\"https:\/\/noticiasregionais.com.br\"><input type=\"hidden\" id=\"audio_nonce\" value=\"533fbb67b1\">","protected":false},"excerpt":{"rendered":"<p>Especialista explica os principais desafios enfrentados pela ind\u00fastria no in\u00edcio deste ano Os empres\u00e1rios industriais mostraram insatisfa\u00e7\u00e3o com a situa\u00e7\u00e3o&hellip;<\/p>\n","protected":false},"author":1,"featured_media":2636,"comment_status":"closed","ping_status":"open","sticky":false,"template":"","format":"standard","meta":{"sfsi_plus_gutenberg_text_before_share":"","sfsi_plus_gutenberg_show_text_before_share":"","sfsi_plus_gutenberg_icon_type":"","sfsi_plus_gutenberg_icon_alignemt":"","sfsi_plus_gutenburg_max_per_row":"","footnotes":""},"categories":[8,10,1],"tags":[],"class_list":["post-2634","post","type-post","status-publish","format-standard","has-post-thumbnail","hentry","category-brasil","category-destaques","category-noticias"],"_links":{"self":[{"href":"https:\/\/noticiasregionais.com.br\/index.php?rest_route=\/wp\/v2\/posts\/2634","targetHints":{"allow":["GET"]}}],"collection":[{"href":"https:\/\/noticiasregionais.com.br\/index.php?rest_route=\/wp\/v2\/posts"}],"about":[{"href":"https:\/\/noticiasregionais.com.br\/index.php?rest_route=\/wp\/v2\/types\/post"}],"author":[{"embeddable":true,"href":"https:\/\/noticiasregionais.com.br\/index.php?rest_route=\/wp\/v2\/users\/1"}],"replies":[{"embeddable":true,"href":"https:\/\/noticiasregionais.com.br\/index.php?rest_route=%2Fwp%2Fv2%2Fcomments&post=2634"}],"version-history":[{"count":1,"href":"https:\/\/noticiasregionais.com.br\/index.php?rest_route=\/wp\/v2\/posts\/2634\/revisions"}],"predecessor-version":[{"id":2637,"href":"https:\/\/noticiasregionais.com.br\/index.php?rest_route=\/wp\/v2\/posts\/2634\/revisions\/2637"}],"wp:featuredmedia":[{"embeddable":true,"href":"https:\/\/noticiasregionais.com.br\/index.php?rest_route=\/wp\/v2\/media\/2636"}],"wp:attachment":[{"href":"https:\/\/noticiasregionais.com.br\/index.php?rest_route=%2Fwp%2Fv2%2Fmedia&parent=2634"}],"wp:term":[{"taxonomy":"category","embeddable":true,"href":"https:\/\/noticiasregionais.com.br\/index.php?rest_route=%2Fwp%2Fv2%2Fcategories&post=2634"},{"taxonomy":"post_tag","embeddable":true,"href":"https:\/\/noticiasregionais.com.br\/index.php?rest_route=%2Fwp%2Fv2%2Ftags&post=2634"}],"curies":[{"name":"wp","href":"https:\/\/api.w.org\/{rel}","templated":true}]}}