{"id":2649,"date":"2024-04-23T11:14:04","date_gmt":"2024-04-23T14:14:04","guid":{"rendered":"https:\/\/noticiasregionais.com.br\/?p=2649"},"modified":"2024-04-23T11:14:15","modified_gmt":"2024-04-23T14:14:15","slug":"pracas-publicas-ganham-novos-parquinhos-infantis-brinquedos-custarao-mais-de-um-milhao-para-populacao","status":"publish","type":"post","link":"https:\/\/noticiasregionais.com.br\/?p=2649","title":{"rendered":"Pra\u00e7as p\u00fablicas ganham novos parquinhos infantis. Brinquedos custar\u00e3o mais de um milh\u00e3o para popula\u00e7\u00e3o"},"content":{"rendered":"\n<p>A Prefeitura de Ourinhos iniciou a instala\u00e7\u00e3o de novos parques infantis. Os brinquedos j\u00e1 est\u00e3o dispon\u00edveis para a divers\u00e3o da crian\u00e7ada na Cohab, Pra\u00e7a do Semin\u00e1rio e tamb\u00e9m no Parque Minas Gerais.<\/p>\n\n\n\n<p>No total, s\u00e3o 40 novos parques infantis adquiridos pela prefeitura municipal, que tem o objetivo de proporcionar mais op\u00e7\u00f5es de entretenimento e atividades ao ar livre para as crian\u00e7as em espa\u00e7os p\u00fablicos como pra\u00e7as e parques.<\/p>\n\n\n\n<p>Em 20 de fevereiro de 2024, Lucas Pocay Alves da Silva \u2013 Prefeito Municipal formalizou um Contrato n\u00ba 18\/2024 para Contrata\u00e7\u00e3o de empresa para fornecimento e instala\u00e7\u00e3o de conjunto de equipamentos (parque infantil) tipo playground para recrea\u00e7\u00e3o com a empresa Natali Brink Brinquedos Ltda no Valor Total: R$ 1.055.000,00 (um milh\u00e3o e cinquenta e cinco mil reais) com inicio na data de sua assinatura, <br><br><br><\/p>\n\n\n\n<p><canvas width=\"993\" height=\"1404\"><\/canvas><\/p>\n<input type=\"hidden\" id=\"baseurl\" value=\"https:\/\/noticiasregionais.com.br\"><input type=\"hidden\" id=\"audio_nonce\" value=\"533fbb67b1\">","protected":false},"excerpt":{"rendered":"<p>A Prefeitura de Ourinhos iniciou a instala\u00e7\u00e3o de novos parques infantis. Os brinquedos j\u00e1 est\u00e3o dispon\u00edveis para a divers\u00e3o da&hellip;<\/p>\n","protected":false},"author":1,"featured_media":2650,"comment_status":"closed","ping_status":"open","sticky":false,"template":"","format":"standard","meta":{"sfsi_plus_gutenberg_text_before_share":"","sfsi_plus_gutenberg_show_text_before_share":"","sfsi_plus_gutenberg_icon_type":"","sfsi_plus_gutenberg_icon_alignemt":"","sfsi_plus_gutenburg_max_per_row":"","footnotes":""},"categories":[5,12,1],"tags":[],"class_list":["post-2649","post","type-post","status-publish","format-standard","has-post-thumbnail","hentry","category-ourinhos","category-capa","category-noticias"],"_links":{"self":[{"href":"https:\/\/noticiasregionais.com.br\/index.php?rest_route=\/wp\/v2\/posts\/2649","targetHints":{"allow":["GET"]}}],"collection":[{"href":"https:\/\/noticiasregionais.com.br\/index.php?rest_route=\/wp\/v2\/posts"}],"about":[{"href":"https:\/\/noticiasregionais.com.br\/index.php?rest_route=\/wp\/v2\/types\/post"}],"author":[{"embeddable":true,"href":"https:\/\/noticiasregionais.com.br\/index.php?rest_route=\/wp\/v2\/users\/1"}],"replies":[{"embeddable":true,"href":"https:\/\/noticiasregionais.com.br\/index.php?rest_route=%2Fwp%2Fv2%2Fcomments&post=2649"}],"version-history":[{"count":1,"href":"https:\/\/noticiasregionais.com.br\/index.php?rest_route=\/wp\/v2\/posts\/2649\/revisions"}],"predecessor-version":[{"id":2651,"href":"https:\/\/noticiasregionais.com.br\/index.php?rest_route=\/wp\/v2\/posts\/2649\/revisions\/2651"}],"wp:featuredmedia":[{"embeddable":true,"href":"https:\/\/noticiasregionais.com.br\/index.php?rest_route=\/wp\/v2\/media\/2650"}],"wp:attachment":[{"href":"https:\/\/noticiasregionais.com.br\/index.php?rest_route=%2Fwp%2Fv2%2Fmedia&parent=2649"}],"wp:term":[{"taxonomy":"category","embeddable":true,"href":"https:\/\/noticiasregionais.com.br\/index.php?rest_route=%2Fwp%2Fv2%2Fcategories&post=2649"},{"taxonomy":"post_tag","embeddable":true,"href":"https:\/\/noticiasregionais.com.br\/index.php?rest_route=%2Fwp%2Fv2%2Ftags&post=2649"}],"curies":[{"name":"wp","href":"https:\/\/api.w.org\/{rel}","templated":true}]}}