{"id":2653,"date":"2024-04-23T19:50:03","date_gmt":"2024-04-23T22:50:03","guid":{"rendered":"https:\/\/noticiasregionais.com.br\/?p=2653"},"modified":"2024-04-24T22:42:22","modified_gmt":"2024-04-25T01:42:22","slug":"com-muito-otimismo-ronaldo-instrutor-reune-amigos-e-lanca-oficialmente-sua-pre-candidatura-a-vereador","status":"publish","type":"post","link":"https:\/\/noticiasregionais.com.br\/?p=2653","title":{"rendered":"Com muito otimismo Ronaldo Instrutor reune amigos e lan\u00e7a oficialmente sua pr\u00e9 candidatura \u00e0 vereador."},"content":{"rendered":"\n<p class=\"has-text-align-center\"><strong>Ronaldo Cachoni Zanchetta, O Ronaldo Instrutor foi eleito suplente na \u00faltima elei\u00e7\u00e3o e ocupou uma cadeira na C\u00e2mara Municipal durante um curto per\u00edodo. Com muito mais apoio, Ronaldo busca concorrer novamente e estar entre os mais votados em Ourinhos.<\/strong><\/p>\n\n\n\n<p>Na tarde deste S\u00e1bado, 20 de Abril, Ronaldo Cachoni Zancheta &#8211; O Ronaldo Instrutor recebeu seus amigos, apoiadores e algumas lideran\u00e7as do cen\u00e1rios pol\u00edtico local para lan\u00e7ar de forma descontraida e informal sua Pr\u00e9 Candidatura \u00e0 Vereador na cidade de Ourinhos. Ronaldo sempre teve vota\u00e7\u00e3o expressiva, conseguindo alcan\u00e7ar vaga de suplente em alguns pleitos, alcan\u00e7ando destaque no partido e sendo empossado pela primeira vez em 2022.<\/p>\n\n\n\n<p>Estiveram presentes o Pr\u00e9 Candidato \u00e0 Prefeito de Ourinhos Guilherme Gon\u00e7alves, o Pr\u00e9 Candidato \u00e0 Vice-Prefeito Alexandre Z\u00f3io, o Ex Prefeito de Ourinhos Toshio Misato, O presidente do Partido Republicanos em Ourinhos Mario Mercante de Souza, al\u00e9m de muitas lideran\u00e7as e formadores de opini\u00e3o da pol\u00edtica local.<\/p>\n\n\n\n<p>Ronaldo \u00e9 empres\u00e1rio, propriet\u00e1rio da Auto Escola Lider e trabalha com forma\u00e7\u00e3o de motoristas h\u00e1 mais de 28 anos. Formado em Gest\u00e3o P\u00fablica, com diversos cursos em sua \u00e1rea de atua\u00e7\u00e3o, Ronaldo tamb\u00e9m atua pol\u00edticamente como vice presidente do Republicanos em Ourinhos e ocupou um cadeira na C\u00e2mara Municipal por um per\u00edodo de tempo determinado em 2022.<\/p>\n\n\n\n<p>Ronaldo Instrutor tem especial preocupa\u00e7\u00e3o com a sa\u00fade no municipio, que v\u00ea como algo inegoci\u00e1vel e urgente. J\u00e1 atuou na administra\u00e7\u00e3o p\u00fablica em cargos para o qual tem ampla forma\u00e7\u00e3o. Este ano, Ronaldo vai buscar ser indicado pelo Partido para concorrer ao cargo de vereador, com expectativa de fazer certamente sua melhor campanha.<\/p>\n\n\n\n<figure class=\"wp-block-gallery has-nested-images columns-default is-cropped wp-block-gallery-1 is-layout-flex wp-block-gallery-is-layout-flex\">\n<figure class=\"wp-block-image size-large\"><a href=\"https:\/\/noticiasregionais.com.br\/wp-content\/uploads\/2024\/04\/WhatsApp-Image-2024-04-23-at-12.18.19-1-scaled.jpeg\"><img decoding=\"async\" width=\"1024\" height=\"856\" data-id=\"2654\" src=\"https:\/\/noticiasregionais.com.br\/wp-content\/uploads\/2024\/04\/WhatsApp-Image-2024-04-23-at-12.18.19-1-1024x856.jpeg\" alt=\"\" class=\"wp-image-2654\"\/><\/a><\/figure>\n\n\n\n<figure class=\"wp-block-image size-large\"><a href=\"https:\/\/noticiasregionais.com.br\/wp-content\/uploads\/2024\/04\/WhatsApp-Image-2024-04-23-at-11.44.26-scaled.jpeg\"><img decoding=\"async\" width=\"1024\" height=\"882\" data-id=\"2658\" src=\"https:\/\/noticiasregionais.com.br\/wp-content\/uploads\/2024\/04\/WhatsApp-Image-2024-04-23-at-11.44.26-1024x882.jpeg\" alt=\"\" class=\"wp-image-2658\"\/><\/a><\/figure>\n\n\n\n<figure class=\"wp-block-image size-large\"><a href=\"https:\/\/noticiasregionais.com.br\/wp-content\/uploads\/2024\/04\/WhatsApp-Image-2024-04-23-at-12.18.19-scaled.jpeg\"><img decoding=\"async\" width=\"1024\" height=\"779\" data-id=\"2656\" src=\"https:\/\/noticiasregionais.com.br\/wp-content\/uploads\/2024\/04\/WhatsApp-Image-2024-04-23-at-12.18.19-1024x779.jpeg\" alt=\"\" class=\"wp-image-2656\"\/><\/a><\/figure>\n\n\n\n<figure class=\"wp-block-image size-large\"><a href=\"https:\/\/noticiasregionais.com.br\/wp-content\/uploads\/2024\/04\/WhatsApp-Image-2024-04-20-at-11.13.12.jpeg\"><img decoding=\"async\" width=\"1024\" height=\"1024\" data-id=\"2655\" src=\"https:\/\/noticiasregionais.com.br\/wp-content\/uploads\/2024\/04\/WhatsApp-Image-2024-04-20-at-11.13.12-1024x1024.jpeg\" alt=\"\" class=\"wp-image-2655\" srcset=\"https:\/\/noticiasregionais.com.br\/wp-content\/uploads\/2024\/04\/WhatsApp-Image-2024-04-20-at-11.13.12-1024x1024.jpeg 1024w, https:\/\/noticiasregionais.com.br\/wp-content\/uploads\/2024\/04\/WhatsApp-Image-2024-04-20-at-11.13.12-300x300.jpeg 300w, https:\/\/noticiasregionais.com.br\/wp-content\/uploads\/2024\/04\/WhatsApp-Image-2024-04-20-at-11.13.12-150x150.jpeg 150w, https:\/\/noticiasregionais.com.br\/wp-content\/uploads\/2024\/04\/WhatsApp-Image-2024-04-20-at-11.13.12-768x768.jpeg 768w, https:\/\/noticiasregionais.com.br\/wp-content\/uploads\/2024\/04\/WhatsApp-Image-2024-04-20-at-11.13.12.jpeg 1500w\" sizes=\"(max-width: 1024px) 100vw, 1024px\" \/><\/a><\/figure>\n\n\n\n<figure class=\"wp-block-image size-large\"><a href=\"https:\/\/noticiasregionais.com.br\/wp-content\/uploads\/2024\/04\/WhatsApp-Image-2024-04-23-at-12.02.17.jpeg\"><img decoding=\"async\" width=\"1024\" height=\"576\" data-id=\"2657\" src=\"https:\/\/noticiasregionais.com.br\/wp-content\/uploads\/2024\/04\/WhatsApp-Image-2024-04-23-at-12.02.17-1024x576.jpeg\" alt=\"\" class=\"wp-image-2657\"\/><\/a><\/figure>\n<\/figure>\n<input type=\"hidden\" id=\"baseurl\" value=\"https:\/\/noticiasregionais.com.br\"><input type=\"hidden\" id=\"audio_nonce\" value=\"533fbb67b1\">","protected":false},"excerpt":{"rendered":"<p>Ronaldo Cachoni Zanchetta, O Ronaldo Instrutor foi eleito suplente na \u00faltima elei\u00e7\u00e3o e ocupou uma cadeira na C\u00e2mara Municipal durante&hellip;<\/p>\n","protected":false},"author":1,"featured_media":2659,"comment_status":"closed","ping_status":"open","sticky":false,"template":"","format":"standard","meta":{"sfsi_plus_gutenberg_text_before_share":"","sfsi_plus_gutenberg_show_text_before_share":"","sfsi_plus_gutenberg_icon_type":"","sfsi_plus_gutenberg_icon_alignemt":"","sfsi_plus_gutenburg_max_per_row":"","footnotes":""},"categories":[5,10,1],"tags":[],"class_list":["post-2653","post","type-post","status-publish","format-standard","has-post-thumbnail","hentry","category-ourinhos","category-destaques","category-noticias"],"_links":{"self":[{"href":"https:\/\/noticiasregionais.com.br\/index.php?rest_route=\/wp\/v2\/posts\/2653","targetHints":{"allow":["GET"]}}],"collection":[{"href":"https:\/\/noticiasregionais.com.br\/index.php?rest_route=\/wp\/v2\/posts"}],"about":[{"href":"https:\/\/noticiasregionais.com.br\/index.php?rest_route=\/wp\/v2\/types\/post"}],"author":[{"embeddable":true,"href":"https:\/\/noticiasregionais.com.br\/index.php?rest_route=\/wp\/v2\/users\/1"}],"replies":[{"embeddable":true,"href":"https:\/\/noticiasregionais.com.br\/index.php?rest_route=%2Fwp%2Fv2%2Fcomments&post=2653"}],"version-history":[{"count":3,"href":"https:\/\/noticiasregionais.com.br\/index.php?rest_route=\/wp\/v2\/posts\/2653\/revisions"}],"predecessor-version":[{"id":2662,"href":"https:\/\/noticiasregionais.com.br\/index.php?rest_route=\/wp\/v2\/posts\/2653\/revisions\/2662"}],"wp:featuredmedia":[{"embeddable":true,"href":"https:\/\/noticiasregionais.com.br\/index.php?rest_route=\/wp\/v2\/media\/2659"}],"wp:attachment":[{"href":"https:\/\/noticiasregionais.com.br\/index.php?rest_route=%2Fwp%2Fv2%2Fmedia&parent=2653"}],"wp:term":[{"taxonomy":"category","embeddable":true,"href":"https:\/\/noticiasregionais.com.br\/index.php?rest_route=%2Fwp%2Fv2%2Fcategories&post=2653"},{"taxonomy":"post_tag","embeddable":true,"href":"https:\/\/noticiasregionais.com.br\/index.php?rest_route=%2Fwp%2Fv2%2Ftags&post=2653"}],"curies":[{"name":"wp","href":"https:\/\/api.w.org\/{rel}","templated":true}]}}