{"id":266,"date":"2023-09-07T11:03:37","date_gmt":"2023-09-07T14:03:37","guid":{"rendered":"https:\/\/noticiasregionais.com.br\/?p=266"},"modified":"2023-09-07T11:03:37","modified_gmt":"2023-09-07T14:03:37","slug":"terremoto-de-magnitude-64-atinge-o-chile","status":"publish","type":"post","link":"https:\/\/noticiasregionais.com.br\/?p=266","title":{"rendered":"Terremoto de magnitude 6,4 atinge o Chile"},"content":{"rendered":"\n<p>O Centro Sismol\u00f3gico Nacional da Universidade do Chile informou que um terremoto de magnitude 6,4 atingiu a costa central do pa\u00eds nesta quarta-feira (6).<\/p>\n\n\n\n<p>De acordo com o Centro Sismol\u00f3gico do pa\u00eds, o tremor ocorreu a 45,7 quil\u00f4metros de profundidade.<\/p>\n\n\n\n<p>N\u00e3o foi emitido alerta para a possibilidade de tsunami, segundo o SHOA (Servi\u00e7o Hidrogr\u00e1fico e Oceonogr\u00e1fico da Marinha).<\/p>\n\n\n\n<p>A imprensa local noticiou que houve queda de eletricidade nos arredores de Coquimbo, distante mais de 400 km da capital chilena, Santiago.<\/p>\n\n\n\n<p>At\u00e9 o momento, n\u00e3o h\u00e1 informa\u00e7\u00f5es de danos ou feridos em decorr\u00eancia dos tremores.<\/p>\n\n\n\n<p>fonte: Sampi \/ Folhapress<\/p>\n<input type=\"hidden\" id=\"baseurl\" value=\"https:\/\/noticiasregionais.com.br\"><input type=\"hidden\" id=\"audio_nonce\" value=\"533fbb67b1\">","protected":false},"excerpt":{"rendered":"<p>O Centro Sismol\u00f3gico Nacional da Universidade do Chile informou que um terremoto de magnitude 6,4 atingiu a costa central do&hellip;<\/p>\n","protected":false},"author":1,"featured_media":267,"comment_status":"closed","ping_status":"open","sticky":false,"template":"","format":"standard","meta":{"sfsi_plus_gutenberg_text_before_share":"","sfsi_plus_gutenberg_show_text_before_share":"","sfsi_plus_gutenberg_icon_type":"","sfsi_plus_gutenberg_icon_alignemt":"","sfsi_plus_gutenburg_max_per_row":"","footnotes":""},"categories":[9,10,1],"tags":[],"class_list":["post-266","post","type-post","status-publish","format-standard","has-post-thumbnail","hentry","category-mundo","category-destaques","category-noticias"],"_links":{"self":[{"href":"https:\/\/noticiasregionais.com.br\/index.php?rest_route=\/wp\/v2\/posts\/266","targetHints":{"allow":["GET"]}}],"collection":[{"href":"https:\/\/noticiasregionais.com.br\/index.php?rest_route=\/wp\/v2\/posts"}],"about":[{"href":"https:\/\/noticiasregionais.com.br\/index.php?rest_route=\/wp\/v2\/types\/post"}],"author":[{"embeddable":true,"href":"https:\/\/noticiasregionais.com.br\/index.php?rest_route=\/wp\/v2\/users\/1"}],"replies":[{"embeddable":true,"href":"https:\/\/noticiasregionais.com.br\/index.php?rest_route=%2Fwp%2Fv2%2Fcomments&post=266"}],"version-history":[{"count":1,"href":"https:\/\/noticiasregionais.com.br\/index.php?rest_route=\/wp\/v2\/posts\/266\/revisions"}],"predecessor-version":[{"id":268,"href":"https:\/\/noticiasregionais.com.br\/index.php?rest_route=\/wp\/v2\/posts\/266\/revisions\/268"}],"wp:featuredmedia":[{"embeddable":true,"href":"https:\/\/noticiasregionais.com.br\/index.php?rest_route=\/wp\/v2\/media\/267"}],"wp:attachment":[{"href":"https:\/\/noticiasregionais.com.br\/index.php?rest_route=%2Fwp%2Fv2%2Fmedia&parent=266"}],"wp:term":[{"taxonomy":"category","embeddable":true,"href":"https:\/\/noticiasregionais.com.br\/index.php?rest_route=%2Fwp%2Fv2%2Fcategories&post=266"},{"taxonomy":"post_tag","embeddable":true,"href":"https:\/\/noticiasregionais.com.br\/index.php?rest_route=%2Fwp%2Fv2%2Ftags&post=266"}],"curies":[{"name":"wp","href":"https:\/\/api.w.org\/{rel}","templated":true}]}}