{"id":2665,"date":"2024-04-24T07:10:35","date_gmt":"2024-04-24T10:10:35","guid":{"rendered":"https:\/\/noticiasregionais.com.br\/?p=2665"},"modified":"2024-04-24T07:10:46","modified_gmt":"2024-04-24T10:10:46","slug":"comando-de-aviacao-forma-primeira-mulher-piloto-de-aviao-da-policia-militar-de-sp","status":"publish","type":"post","link":"https:\/\/noticiasregionais.com.br\/?p=2665","title":{"rendered":"Comando de Avia\u00e7\u00e3o forma primeira mulher piloto de avi\u00e3o da Pol\u00edcia Militar de SP"},"content":{"rendered":"\n<p class=\"has-text-align-center\"><strong>A tenente Larissa Fidelis Aguiar ingressou na corpora\u00e7\u00e3o aos 17 anos e possui trajet\u00f3ria de sucesso em ocorr\u00eancias e miss\u00f5es<\/strong><\/p>\n\n\n\n<p>Com 14 anos de atua\u00e7\u00e3o, a tenente Larissa Fidelis Aguiar tornou-se a primeira mulher piloto de avi\u00e3o da Pol\u00edcia Militar de S\u00e3o Paulo. Ap\u00f3s cumprir todos os treinamentos, alcan\u00e7ando as habilita\u00e7\u00f5es necess\u00e1rias para a categoria, o Comando de Avia\u00e7\u00e3o (CAvPM) concedeu ela ao cargo.<\/p>\n\n\n\n<p>\u201cEu me sinto extremamente honrada e feliz com essa conquista. Cada dia mais mulheres ingressam na PM, e mais especificamente, na avia\u00e7\u00e3o policial, e isso me deixa muito contente\u201d, afirmou a tenente, que \u00e9 a piloto n\u00famero 144 da hist\u00f3ria do Comando de Avia\u00e7\u00e3o paulista. \u201cNunca imaginei, quando eu ingressei na carreira, de atingir o marco de ser a primeira mulher a pilotar um avi\u00e3o na PM\u201d, acrescentou.<\/p>\n\n\n\n<p>Aos 17 anos, Larissa ingressou na corpora\u00e7\u00e3o e quatro anos depois j\u00e1 era respons\u00e1vel pela coordena\u00e7\u00e3o e execu\u00e7\u00e3o das opera\u00e7\u00f5es de patrulhamento preventivo ostensivo. Ela contou que o desejo de entrar para o Comando de Avia\u00e7\u00e3o despertou depois de uma ocorr\u00eancia onde contou com o apoio do helic\u00f3ptero \u00c1guia.<\/p>\n\n\n\n<p>\u201cDecidi seguir essa carreira pela admira\u00e7\u00e3o em ambas as profiss\u00f5es: ser policial militar e adorar a avia\u00e7\u00e3o. Hoje posso dizer que estou realizada,\u201d admitiu a policial.<\/p>\n\n\n\n<p><strong>Mulheres no Comando de Avia\u00e7\u00e3o da PM<\/strong><\/p>\n\n\n\n<p>Larissa entrou para a hist\u00f3ria da avia\u00e7\u00e3o militar paulista se tornando a primeira mulher a ser piloto de avi\u00e3o do CAvPM. Al\u00e9m dessa conquista, ela \u00e9 respons\u00e1vel por atender in\u00fameras ocorr\u00eancias de salvamento. \u201cVer algu\u00e9m praticamente voltar \u00e0 vida ap\u00f3s o apoio em uma ocorr\u00eancia aerom\u00e9dica sempre deixa os policiais muito felizes e realizados\u201d, contou a tenente.<\/p>\n\n\n\n<figure class=\"wp-block-image\"><img decoding=\"async\" src=\"https:\/\/www.saopaulo.sp.gov.br\/wp-content\/uploads\/2024\/04\/D00054161-1-2.jpeg\" alt=\"\" class=\"wp-image-5867061\"\/><\/figure>\n\n\n\n<p>Da esquerda para a direita, a capit\u00e3o Mayara \u00e9 a primeira mulher a ser Comandante de helic\u00f3ptero; capit\u00e3o Lara \u00e9 a primeira mulher a ingressar como piloto; capit\u00e3o Nat\u00e1lia \u00e9 a primeira mulher a pilotar um helic\u00f3ptero biturbina e a tenente Larissa Fidelis \u00e9 a primeira mulher a pilotar um avi\u00e3o na Pol\u00edcia Militar.<\/p>\n\n\n\n<p>\u201cAcho que os maiores desafios foram os relacionados \u00e0 cobran\u00e7a que eu sempre me impus. Entretanto, independentemente do sexo, o que faz a diferen\u00e7a na verdade, \u00e9 o quanto voc\u00ea se dedica e se empenha no seu dia-a-dia, frente as novidades que aparecem\u201d, comentou Larissa.<\/p>\n\n\n\n<p>Al\u00e9m das mulheres que seguem fazendo hist\u00f3ria na PM, o que mais inspira a tenente \u00e9 ter a consci\u00eancia de que atrav\u00e9s do seu trabalho muitas pessoas s\u00e3o alcan\u00e7adas, direta ou indiretamente. \u201cAjudar algu\u00e9m sempre vai ser o ponto alto. Al\u00e9m disso, saber que eu e outras s\u00e3o inspira\u00e7\u00e3o para quem ainda quer alcan\u00e7ar algo, \u00e9 muito motivador, finalizou.<\/p>\n<input type=\"hidden\" id=\"baseurl\" value=\"https:\/\/noticiasregionais.com.br\"><input type=\"hidden\" id=\"audio_nonce\" value=\"533fbb67b1\">","protected":false},"excerpt":{"rendered":"<p>A tenente Larissa Fidelis Aguiar ingressou na corpora\u00e7\u00e3o aos 17 anos e possui trajet\u00f3ria de sucesso em ocorr\u00eancias e miss\u00f5es&hellip;<\/p>\n","protected":false},"author":1,"featured_media":2666,"comment_status":"closed","ping_status":"open","sticky":false,"template":"","format":"standard","meta":{"sfsi_plus_gutenberg_text_before_share":"","sfsi_plus_gutenberg_show_text_before_share":"","sfsi_plus_gutenberg_icon_type":"","sfsi_plus_gutenberg_icon_alignemt":"","sfsi_plus_gutenburg_max_per_row":"","footnotes":""},"categories":[6,10,1],"tags":[],"class_list":["post-2665","post","type-post","status-publish","format-standard","has-post-thumbnail","hentry","category-sao_paulo","category-destaques","category-noticias"],"_links":{"self":[{"href":"https:\/\/noticiasregionais.com.br\/index.php?rest_route=\/wp\/v2\/posts\/2665","targetHints":{"allow":["GET"]}}],"collection":[{"href":"https:\/\/noticiasregionais.com.br\/index.php?rest_route=\/wp\/v2\/posts"}],"about":[{"href":"https:\/\/noticiasregionais.com.br\/index.php?rest_route=\/wp\/v2\/types\/post"}],"author":[{"embeddable":true,"href":"https:\/\/noticiasregionais.com.br\/index.php?rest_route=\/wp\/v2\/users\/1"}],"replies":[{"embeddable":true,"href":"https:\/\/noticiasregionais.com.br\/index.php?rest_route=%2Fwp%2Fv2%2Fcomments&post=2665"}],"version-history":[{"count":1,"href":"https:\/\/noticiasregionais.com.br\/index.php?rest_route=\/wp\/v2\/posts\/2665\/revisions"}],"predecessor-version":[{"id":2667,"href":"https:\/\/noticiasregionais.com.br\/index.php?rest_route=\/wp\/v2\/posts\/2665\/revisions\/2667"}],"wp:featuredmedia":[{"embeddable":true,"href":"https:\/\/noticiasregionais.com.br\/index.php?rest_route=\/wp\/v2\/media\/2666"}],"wp:attachment":[{"href":"https:\/\/noticiasregionais.com.br\/index.php?rest_route=%2Fwp%2Fv2%2Fmedia&parent=2665"}],"wp:term":[{"taxonomy":"category","embeddable":true,"href":"https:\/\/noticiasregionais.com.br\/index.php?rest_route=%2Fwp%2Fv2%2Fcategories&post=2665"},{"taxonomy":"post_tag","embeddable":true,"href":"https:\/\/noticiasregionais.com.br\/index.php?rest_route=%2Fwp%2Fv2%2Ftags&post=2665"}],"curies":[{"name":"wp","href":"https:\/\/api.w.org\/{rel}","templated":true}]}}