{"id":2670,"date":"2024-04-24T21:42:59","date_gmt":"2024-04-25T00:42:59","guid":{"rendered":"https:\/\/noticiasregionais.com.br\/?p=2670"},"modified":"2024-04-24T21:54:59","modified_gmt":"2024-04-25T00:54:59","slug":"ministerio-publico-denuncia-lucas-pocay-e-secretario-do-meio-ambiente-por-improbidade-administrativa","status":"publish","type":"post","link":"https:\/\/noticiasregionais.com.br\/?p=2670","title":{"rendered":"Minist\u00e9rio P\u00fablico denuncia Lucas Pocay e Secret\u00e1rio do Meio Ambiente por Improbidade Administrativa"},"content":{"rendered":"\n<p class=\"has-text-align-center\"><strong>Promotora alega que a &#8220;emerg\u00eancia&#8221; na coleta de lixo foi uma inven\u00e7\u00e3o para justificar a contrata\u00e7\u00e3o direta e que os r\u00e9us manipularam o processo licitat\u00f3rio para beneficiar a empresa M Constru\u00e7\u00f5es &amp; Servi\u00e7os Ltda<\/strong>.<\/p>\n\n\n\n<p>Em uma a\u00e7\u00e3o movida pelo Minist\u00e9rio P\u00fablico do Estado de S\u00e3o Paulo, o prefeito de Ourinhos, Lucas Pocay Alves da Silva, e o Secret\u00e1rio Municipal de Meio-Ambiente e Agricultura, Maur\u00edcio Amorosini, est\u00e3o sendo acusados de atos de improbidade administrativa relacionados \u00e0 gest\u00e3o dos servi\u00e7os de limpeza urbana e coleta de lixo na cidade.<\/p>\n\n\n\n<p>A controv\u00e9rsia come\u00e7ou em dezembro de 2021, quando uma nova legisla\u00e7\u00e3o municipal revogou a outorga da Servi\u00e7o de \u00c1gua e Esgoto (SAE) para a coleta de lixo, estabelecendo um prazo inicial de 90 dias para a contrata\u00e7\u00e3o de um novo servi\u00e7o, prorrogado posteriormente por mais 180 dias. Em mar\u00e7o de 2022, iniciou-se um processo licitat\u00f3rio para encontrar um novo fornecedor, mas este processo n\u00e3o foi finalizado a tempo.<\/p>\n\n\n\n<p>Em agosto de 2022, com a licita\u00e7\u00e3o ainda em aberto, o secret\u00e1rio Maur\u00edcio Amorosini autorizou a contrata\u00e7\u00e3o da empresa M Constru\u00e7\u00f5es &amp; Servi\u00e7os Ltda., por um per\u00edodo de 90 dias, sob o argumento de emerg\u00eancia. Esta decis\u00e3o foi questionada pela Procuradoria Jur\u00eddica do Munic\u00edpio, que apontou irregularidades na contrata\u00e7\u00e3o, mas suas preocupa\u00e7\u00f5es foram ignoradas pelo prefeito Lucas, que assinou o contrato.<\/p>\n\n\n\n<p>A M Constru\u00e7\u00f5es &amp; Servi\u00e7os Ltda. foi novamente contratada em fevereiro de 2023, por mais 90 dias, sem a realiza\u00e7\u00e3o de licita\u00e7\u00e3o. Em mar\u00e7o de 2023, o edital da Concorr\u00eancia P\u00fablica n\u00ba 02\/2023 foi publicado, mas foi suspenso pelo Tribunal de Contas do Estado de S\u00e3o Paulo devido a requisitos que limitavam a competi\u00e7\u00e3o entre participantes. Mesmo ap\u00f3s a republica\u00e7\u00e3o do edital com altera\u00e7\u00f5es sugeridas pelo Tribunal de Contas, a prefeitura manteve a licita\u00e7\u00e3o em lote \u00fanico, sendo a M Constru\u00e7\u00f5es &amp; Servi\u00e7os Ltda. eventualmente declarada vencedora.<\/p>\n\n\n\n<p>O Minist\u00e9rio P\u00fablico alega que a &#8220;emerg\u00eancia&#8221; foi uma inven\u00e7\u00e3o para justificar a contrata\u00e7\u00e3o direta e que os r\u00e9us manipularam o processo licitat\u00f3rio para beneficiar a empresa M Constru\u00e7\u00f5es &amp; Servi\u00e7os Ltda., dificultando a competi\u00e7\u00e3o de outras empresas. O MP pede a condena\u00e7\u00e3o dos r\u00e9us ao pagamento de uma multa civil de at\u00e9 24 vezes o valor da remunera\u00e7\u00e3o recebida e a proibi\u00e7\u00e3o de contratar com o Poder P\u00fablico por at\u00e9 quatro anos.<\/p>\n\n\n\n<p>A a\u00e7\u00e3o, que foi ajuizada em 15 de abril de 2024, traz \u00e0 tona quest\u00f5es cruciais sobre a integridade e a transpar\u00eancia na administra\u00e7\u00e3o p\u00fablica de Ourinhos. Os r\u00e9us ainda t\u00eam a oportunidade de se defender das acusa\u00e7\u00f5es. O processo segue em aberto e promete ser um ponto focal de debates sobre a governan\u00e7a e o manejo de contratos p\u00fablicos na cidade.<\/p>\n\n\n\n<p><strong>Observa\u00e7\u00e3o:<\/strong> O valor da causa foi fixado em R$ 1.000,00 e o Minist\u00e9rio P\u00fablico ainda precisa provar suas alega\u00e7\u00f5es em ju\u00edzo. Para mais detalhes, a comunidade \u00e9 incentivada a acompanhar os desdobramentos do caso diretamente nas fontes judiciais. <strong><a href=\"https:\/\/drive.google.com\/file\/d\/164gYgZeNCL0ZafEtwH3xoBH6-F1Mgv4O\/view?usp=sharing\" target=\"_blank\" rel=\"noopener\">Acesse PDF da decis\u00e3o na integra<\/a><\/strong><\/p>\n<input type=\"hidden\" id=\"baseurl\" value=\"https:\/\/noticiasregionais.com.br\"><input type=\"hidden\" id=\"audio_nonce\" value=\"3cdc555a10\">","protected":false},"excerpt":{"rendered":"<p>Promotora alega que a &#8220;emerg\u00eancia&#8221; na coleta de lixo foi uma inven\u00e7\u00e3o para justificar a contrata\u00e7\u00e3o direta e que os&hellip;<\/p>\n","protected":false},"author":1,"featured_media":2671,"comment_status":"closed","ping_status":"open","sticky":false,"template":"","format":"standard","meta":{"sfsi_plus_gutenberg_text_before_share":"","sfsi_plus_gutenberg_show_text_before_share":"","sfsi_plus_gutenberg_icon_type":"","sfsi_plus_gutenberg_icon_alignemt":"","sfsi_plus_gutenburg_max_per_row":"","footnotes":""},"categories":[5,12,1],"tags":[],"class_list":["post-2670","post","type-post","status-publish","format-standard","has-post-thumbnail","hentry","category-ourinhos","category-capa","category-noticias"],"_links":{"self":[{"href":"https:\/\/noticiasregionais.com.br\/index.php?rest_route=\/wp\/v2\/posts\/2670","targetHints":{"allow":["GET"]}}],"collection":[{"href":"https:\/\/noticiasregionais.com.br\/index.php?rest_route=\/wp\/v2\/posts"}],"about":[{"href":"https:\/\/noticiasregionais.com.br\/index.php?rest_route=\/wp\/v2\/types\/post"}],"author":[{"embeddable":true,"href":"https:\/\/noticiasregionais.com.br\/index.php?rest_route=\/wp\/v2\/users\/1"}],"replies":[{"embeddable":true,"href":"https:\/\/noticiasregionais.com.br\/index.php?rest_route=%2Fwp%2Fv2%2Fcomments&post=2670"}],"version-history":[{"count":1,"href":"https:\/\/noticiasregionais.com.br\/index.php?rest_route=\/wp\/v2\/posts\/2670\/revisions"}],"predecessor-version":[{"id":2672,"href":"https:\/\/noticiasregionais.com.br\/index.php?rest_route=\/wp\/v2\/posts\/2670\/revisions\/2672"}],"wp:featuredmedia":[{"embeddable":true,"href":"https:\/\/noticiasregionais.com.br\/index.php?rest_route=\/wp\/v2\/media\/2671"}],"wp:attachment":[{"href":"https:\/\/noticiasregionais.com.br\/index.php?rest_route=%2Fwp%2Fv2%2Fmedia&parent=2670"}],"wp:term":[{"taxonomy":"category","embeddable":true,"href":"https:\/\/noticiasregionais.com.br\/index.php?rest_route=%2Fwp%2Fv2%2Fcategories&post=2670"},{"taxonomy":"post_tag","embeddable":true,"href":"https:\/\/noticiasregionais.com.br\/index.php?rest_route=%2Fwp%2Fv2%2Ftags&post=2670"}],"curies":[{"name":"wp","href":"https:\/\/api.w.org\/{rel}","templated":true}]}}