{"id":2679,"date":"2024-04-25T08:00:55","date_gmt":"2024-04-25T11:00:55","guid":{"rendered":"https:\/\/noticiasregionais.com.br\/?p=2679"},"modified":"2024-04-25T08:01:18","modified_gmt":"2024-04-25T11:01:18","slug":"justica-aceita-denuncia-contra-10-diretores-de-empresa-de-onibus-acusada-de-elo-com-pcc","status":"publish","type":"post","link":"https:\/\/noticiasregionais.com.br\/?p=2679","title":{"rendered":"Justi\u00e7a aceita den\u00fancia contra 10 diretores de empresa de \u00f4nibus acusada de elo com PCC"},"content":{"rendered":"\n<p class=\"has-text-align-center\"><strong>As acusa\u00e7\u00f5es s\u00e3o de organiza\u00e7\u00e3o criminosa, lavagem de dinheiro, extors\u00e3o e apropria\u00e7\u00e3o ind\u00e9bita.<\/strong><\/p>\n\n\n\n<p>Segundo a Ag\u00eancia de Not\u00edcias <strong>Sampi \/ Folhapress<\/strong>, a Justi\u00e7a de S\u00e3o Paulo aceitou a den\u00fancia contra dez dirigentes da Transwolff, empresa de \u00f4nibus acusada pelo Minist\u00e9rio P\u00fablico de integrar esquema de lavagem de dinheiro do PCC (Primeiro Comando da Capital).<\/p>\n\n\n\n<p>Em decis\u00e3o publicada do juiz Guilherme Eduardo Martins Kellner, da 2\u00aa Vara de Crimes Tribut\u00e1rios e Organiza\u00e7\u00e3o Criminosa e Lavagem de Bens e Valores da Capital, nesta quarta-feira (24), os acusados t\u00eam 30 dias para responder \u00e0s acusa\u00e7\u00f5es.<\/p>\n\n\n\n<p>Entre eles est\u00e1 Luiz Carlos Efig\u00eanio Pacheco, o Pandora, dono da Transwolff. As acusa\u00e7\u00f5es s\u00e3o de organiza\u00e7\u00e3o criminosa, lavagem de dinheiro, extors\u00e3o e apropria\u00e7\u00e3o ind\u00e9bita. A reportagem n\u00e3o conseguiu contato com a defesa de Pandora.<\/p>\n\n\n\n<p>Os demais r\u00e9us s\u00e3o s\u00f3cios e diretores da Transwolff: Carlos Couto Ramos, Reginaldo Gon\u00e7alves da Silva, Robson Flares Lopes Pontes, C\u00edcero de Oliveira, Mois\u00e9s Gomes Pinto, Joelson Santos da Silva, Jeov\u00e1 Santos da Silva, Jos\u00e9 Nivaldo Souza Azevedo e Lindomar Francisco dos Santos.<\/p>\n\n\n\n<p>O suposto envolvimento de dinheiro do crime organizado com o sistema de transporte p\u00fablico paulistano foi apontado pelos promotores em transa\u00e7\u00e3o ocorrida em 2015, quando a Transwolff precisou de um grande aporte financeiro para participar de uma licita\u00e7\u00e3o municipal.<\/p>\n\n\n\n<p>A Justi\u00e7a j\u00e1 havia tornado r\u00e9us 19 dos 26 acusados de integrar o esquema, segundo decis\u00e3o da \u00faltima quarta-feira (17).<\/p>\n<input type=\"hidden\" id=\"baseurl\" value=\"https:\/\/noticiasregionais.com.br\"><input type=\"hidden\" id=\"audio_nonce\" value=\"533fbb67b1\">","protected":false},"excerpt":{"rendered":"<p>As acusa\u00e7\u00f5es s\u00e3o de organiza\u00e7\u00e3o criminosa, lavagem de dinheiro, extors\u00e3o e apropria\u00e7\u00e3o ind\u00e9bita. Segundo a Ag\u00eancia de Not\u00edcias Sampi \/&hellip;<\/p>\n","protected":false},"author":1,"featured_media":2680,"comment_status":"closed","ping_status":"open","sticky":false,"template":"","format":"standard","meta":{"sfsi_plus_gutenberg_text_before_share":"","sfsi_plus_gutenberg_show_text_before_share":"","sfsi_plus_gutenberg_icon_type":"","sfsi_plus_gutenberg_icon_alignemt":"","sfsi_plus_gutenburg_max_per_row":"","footnotes":""},"categories":[6,10,1],"tags":[],"class_list":["post-2679","post","type-post","status-publish","format-standard","has-post-thumbnail","hentry","category-sao_paulo","category-destaques","category-noticias"],"_links":{"self":[{"href":"https:\/\/noticiasregionais.com.br\/index.php?rest_route=\/wp\/v2\/posts\/2679","targetHints":{"allow":["GET"]}}],"collection":[{"href":"https:\/\/noticiasregionais.com.br\/index.php?rest_route=\/wp\/v2\/posts"}],"about":[{"href":"https:\/\/noticiasregionais.com.br\/index.php?rest_route=\/wp\/v2\/types\/post"}],"author":[{"embeddable":true,"href":"https:\/\/noticiasregionais.com.br\/index.php?rest_route=\/wp\/v2\/users\/1"}],"replies":[{"embeddable":true,"href":"https:\/\/noticiasregionais.com.br\/index.php?rest_route=%2Fwp%2Fv2%2Fcomments&post=2679"}],"version-history":[{"count":2,"href":"https:\/\/noticiasregionais.com.br\/index.php?rest_route=\/wp\/v2\/posts\/2679\/revisions"}],"predecessor-version":[{"id":2682,"href":"https:\/\/noticiasregionais.com.br\/index.php?rest_route=\/wp\/v2\/posts\/2679\/revisions\/2682"}],"wp:featuredmedia":[{"embeddable":true,"href":"https:\/\/noticiasregionais.com.br\/index.php?rest_route=\/wp\/v2\/media\/2680"}],"wp:attachment":[{"href":"https:\/\/noticiasregionais.com.br\/index.php?rest_route=%2Fwp%2Fv2%2Fmedia&parent=2679"}],"wp:term":[{"taxonomy":"category","embeddable":true,"href":"https:\/\/noticiasregionais.com.br\/index.php?rest_route=%2Fwp%2Fv2%2Fcategories&post=2679"},{"taxonomy":"post_tag","embeddable":true,"href":"https:\/\/noticiasregionais.com.br\/index.php?rest_route=%2Fwp%2Fv2%2Ftags&post=2679"}],"curies":[{"name":"wp","href":"https:\/\/api.w.org\/{rel}","templated":true}]}}