{"id":2687,"date":"2024-04-26T07:31:27","date_gmt":"2024-04-26T10:31:27","guid":{"rendered":"https:\/\/noticiasregionais.com.br\/?p=2687"},"modified":"2024-04-26T07:31:32","modified_gmt":"2024-04-26T10:31:32","slug":"vereador-solicita-construcao-de-um-hospital-pediatrico-publico-em-ourinhos","status":"publish","type":"post","link":"https:\/\/noticiasregionais.com.br\/?p=2687","title":{"rendered":"Vereador solicita constru\u00e7\u00e3o de um Hospital Pedi\u00e1trico P\u00fablico em Ourinhos"},"content":{"rendered":"\n<p>O vereador Guilherme Gon\u00e7alves apresentou durante a 12\u00aa Sess\u00e3o Ordin\u00e1ria o Requerimento n\u00ba 436\/2024 solicitando a possibilidade de Ourinhos ter um Hospital Pedi\u00e1trico com todas as especialidades.<\/p>\n\n\n\n<p>Segundo o parlamentar, o pedido veio por meio de reuni\u00f5es com m\u00e3es na cidade. \u201cPerguntei para v\u00e1rias m\u00e3es qual seria o maior pedido a uma administra\u00e7\u00e3o municipal e elas me passaram essa necessidade\u201d.<\/p>\n\n\n\n<p>Guilherme disse que a sa\u00fade \u00e9 a \u00e1rea que a popula\u00e7\u00e3o tem mais sofrido. \u201cEu como pai entendo esse pedido. Os filhos importam muito mais que nossas pr\u00f3prias vidas. At\u00e9 temos hospital pedi\u00e1trico na cidade, mas \u00e9 particular. Inclusive, no dia inaugura\u00e7\u00e3o falei que era tudo lindo, mas ficaria maravilhoso se abrissem para a popula\u00e7\u00e3o\u201d.<\/p>\n\n\n\n<p>Por fim, o vereador pediu sensibilidade da gest\u00e3o p\u00fablica. \u201cPrecisamos ir al\u00e9m e atender os pedidos a popula\u00e7\u00e3o. Sa\u00fade \u00e9 vida e precisa ser prioridade\u201d.<\/p>\n\n\n\n<figure class=\"wp-block-image size-large\"><img decoding=\"async\" width=\"1024\" height=\"1022\" src=\"https:\/\/noticiasregionais.com.br\/wp-content\/uploads\/2024\/04\/WhatsApp-Image-2024-04-25-at-17.05.13-1024x1022.jpeg\" alt=\"\" class=\"wp-image-2689\" srcset=\"https:\/\/noticiasregionais.com.br\/wp-content\/uploads\/2024\/04\/WhatsApp-Image-2024-04-25-at-17.05.13-1024x1022.jpeg 1024w, https:\/\/noticiasregionais.com.br\/wp-content\/uploads\/2024\/04\/WhatsApp-Image-2024-04-25-at-17.05.13-300x300.jpeg 300w, https:\/\/noticiasregionais.com.br\/wp-content\/uploads\/2024\/04\/WhatsApp-Image-2024-04-25-at-17.05.13-150x150.jpeg 150w, https:\/\/noticiasregionais.com.br\/wp-content\/uploads\/2024\/04\/WhatsApp-Image-2024-04-25-at-17.05.13-768x767.jpeg 768w, https:\/\/noticiasregionais.com.br\/wp-content\/uploads\/2024\/04\/WhatsApp-Image-2024-04-25-at-17.05.13.jpeg 1280w\" sizes=\"(max-width: 1024px) 100vw, 1024px\" \/><\/figure>\n<input type=\"hidden\" id=\"baseurl\" value=\"https:\/\/noticiasregionais.com.br\"><input type=\"hidden\" id=\"audio_nonce\" value=\"533fbb67b1\">","protected":false},"excerpt":{"rendered":"<p>O vereador Guilherme Gon\u00e7alves apresentou durante a 12\u00aa Sess\u00e3o Ordin\u00e1ria o Requerimento n\u00ba 436\/2024 solicitando a possibilidade de Ourinhos ter&hellip;<\/p>\n","protected":false},"author":1,"featured_media":2688,"comment_status":"closed","ping_status":"open","sticky":false,"template":"","format":"standard","meta":{"sfsi_plus_gutenberg_text_before_share":"","sfsi_plus_gutenberg_show_text_before_share":"","sfsi_plus_gutenberg_icon_type":"","sfsi_plus_gutenberg_icon_alignemt":"","sfsi_plus_gutenburg_max_per_row":"","footnotes":""},"categories":[5,10,1],"tags":[],"class_list":["post-2687","post","type-post","status-publish","format-standard","has-post-thumbnail","hentry","category-ourinhos","category-destaques","category-noticias"],"_links":{"self":[{"href":"https:\/\/noticiasregionais.com.br\/index.php?rest_route=\/wp\/v2\/posts\/2687","targetHints":{"allow":["GET"]}}],"collection":[{"href":"https:\/\/noticiasregionais.com.br\/index.php?rest_route=\/wp\/v2\/posts"}],"about":[{"href":"https:\/\/noticiasregionais.com.br\/index.php?rest_route=\/wp\/v2\/types\/post"}],"author":[{"embeddable":true,"href":"https:\/\/noticiasregionais.com.br\/index.php?rest_route=\/wp\/v2\/users\/1"}],"replies":[{"embeddable":true,"href":"https:\/\/noticiasregionais.com.br\/index.php?rest_route=%2Fwp%2Fv2%2Fcomments&post=2687"}],"version-history":[{"count":1,"href":"https:\/\/noticiasregionais.com.br\/index.php?rest_route=\/wp\/v2\/posts\/2687\/revisions"}],"predecessor-version":[{"id":2690,"href":"https:\/\/noticiasregionais.com.br\/index.php?rest_route=\/wp\/v2\/posts\/2687\/revisions\/2690"}],"wp:featuredmedia":[{"embeddable":true,"href":"https:\/\/noticiasregionais.com.br\/index.php?rest_route=\/wp\/v2\/media\/2688"}],"wp:attachment":[{"href":"https:\/\/noticiasregionais.com.br\/index.php?rest_route=%2Fwp%2Fv2%2Fmedia&parent=2687"}],"wp:term":[{"taxonomy":"category","embeddable":true,"href":"https:\/\/noticiasregionais.com.br\/index.php?rest_route=%2Fwp%2Fv2%2Fcategories&post=2687"},{"taxonomy":"post_tag","embeddable":true,"href":"https:\/\/noticiasregionais.com.br\/index.php?rest_route=%2Fwp%2Fv2%2Ftags&post=2687"}],"curies":[{"name":"wp","href":"https:\/\/api.w.org\/{rel}","templated":true}]}}