{"id":269,"date":"2023-09-07T11:15:42","date_gmt":"2023-09-07T14:15:42","guid":{"rendered":"https:\/\/noticiasregionais.com.br\/?p=269"},"modified":"2023-09-07T11:27:09","modified_gmt":"2023-09-07T14:27:09","slug":"condutor-foi-flagrado-a-198-km-h-em-local-com-limite-de-120-km-h","status":"publish","type":"post","link":"https:\/\/noticiasregionais.com.br\/?p=269","title":{"rendered":"Condutor foi flagrado a 198 km\/h em local com limite de 120 km\/h"},"content":{"rendered":"\n<p>Um flagrante de imprud\u00eancia foi registrado na Rodovia Castello Branco, na regi\u00e3o de Santa Cruz do Rio Pardo, na tarde de ontem, 06 de setembro.<\/p>\n\n\n\n<p>Policiais Militares Rodovi\u00e1rios flagraram um condutor a 198 km\/h em local em que a velocidade m\u00e1xima permitida \u00e9 de 120 km\/h.<\/p>\n\n\n\n<p>A autua\u00e7\u00e3o foi registrada como infra\u00e7\u00e3o grav\u00edssima, com sete pontos na Carteira Nacional de Habilita\u00e7\u00e3o (CNH) e multa multiplicada por tr\u00eas, totalizando R$ 880,41. Al\u00e9m disso, o condutor ter\u00e1 o direito de dirigir suspenso.<\/p>\n\n\n\n<p>O caso \u00e9 um exemplo de como a imprud\u00eancia no tr\u00e2nsito pode colocar em risco a vida de todos os envolvidos. Dirigir acima do limite de velocidade aumenta o risco de acidentes, principalmente em caso de frenagem brusca ou de mudan\u00e7a de faixa.<\/p>\n\n\n\n<p>Diante desse flagrante, o Policiamento Rodovi\u00e1rio refor\u00e7a a necessidade de todos os condutores e passageiros respeitarem os limites impostos pela legisla\u00e7\u00e3o, pela sinaliza\u00e7\u00e3o, pelas vias, pelos ve\u00edculos e pelos pr\u00f3prios condutores.<\/p>\n\n\n\n<p>No tr\u00e2nsito, d\u00ea prefer\u00eancia \u00e0 vida!<\/p>\n\n\n\n<p><sub>Fonte: Setor de Comunica\u00e7\u00e3o 3\u00aa Cia 2\u00ba Pel 2\u00ba BPRv<\/sub><\/p>\n<input type=\"hidden\" id=\"baseurl\" value=\"https:\/\/noticiasregionais.com.br\"><input type=\"hidden\" id=\"audio_nonce\" value=\"533fbb67b1\">","protected":false},"excerpt":{"rendered":"<p>Um flagrante de imprud\u00eancia foi registrado na Rodovia Castello Branco, na regi\u00e3o de Santa Cruz do Rio Pardo, na tarde&hellip;<\/p>\n","protected":false},"author":1,"featured_media":272,"comment_status":"closed","ping_status":"open","sticky":false,"template":"","format":"standard","meta":{"sfsi_plus_gutenberg_text_before_share":"","sfsi_plus_gutenberg_show_text_before_share":"","sfsi_plus_gutenberg_icon_type":"","sfsi_plus_gutenberg_icon_alignemt":"","sfsi_plus_gutenburg_max_per_row":"","footnotes":""},"categories":[6,12,1],"tags":[],"class_list":["post-269","post","type-post","status-publish","format-standard","has-post-thumbnail","hentry","category-sao_paulo","category-capa","category-noticias"],"_links":{"self":[{"href":"https:\/\/noticiasregionais.com.br\/index.php?rest_route=\/wp\/v2\/posts\/269","targetHints":{"allow":["GET"]}}],"collection":[{"href":"https:\/\/noticiasregionais.com.br\/index.php?rest_route=\/wp\/v2\/posts"}],"about":[{"href":"https:\/\/noticiasregionais.com.br\/index.php?rest_route=\/wp\/v2\/types\/post"}],"author":[{"embeddable":true,"href":"https:\/\/noticiasregionais.com.br\/index.php?rest_route=\/wp\/v2\/users\/1"}],"replies":[{"embeddable":true,"href":"https:\/\/noticiasregionais.com.br\/index.php?rest_route=%2Fwp%2Fv2%2Fcomments&post=269"}],"version-history":[{"count":2,"href":"https:\/\/noticiasregionais.com.br\/index.php?rest_route=\/wp\/v2\/posts\/269\/revisions"}],"predecessor-version":[{"id":273,"href":"https:\/\/noticiasregionais.com.br\/index.php?rest_route=\/wp\/v2\/posts\/269\/revisions\/273"}],"wp:featuredmedia":[{"embeddable":true,"href":"https:\/\/noticiasregionais.com.br\/index.php?rest_route=\/wp\/v2\/media\/272"}],"wp:attachment":[{"href":"https:\/\/noticiasregionais.com.br\/index.php?rest_route=%2Fwp%2Fv2%2Fmedia&parent=269"}],"wp:term":[{"taxonomy":"category","embeddable":true,"href":"https:\/\/noticiasregionais.com.br\/index.php?rest_route=%2Fwp%2Fv2%2Fcategories&post=269"},{"taxonomy":"post_tag","embeddable":true,"href":"https:\/\/noticiasregionais.com.br\/index.php?rest_route=%2Fwp%2Fv2%2Ftags&post=269"}],"curies":[{"name":"wp","href":"https:\/\/api.w.org\/{rel}","templated":true}]}}