{"id":2691,"date":"2024-04-26T08:55:41","date_gmt":"2024-04-26T11:55:41","guid":{"rendered":"https:\/\/noticiasregionais.com.br\/?p=2691"},"modified":"2024-04-26T08:55:53","modified_gmt":"2024-04-26T11:55:53","slug":"recebendo-400-mil-mensais-de-subsidio-da-prefeitura-avoa-e-condenada-por-fraude-e-improbidade","status":"publish","type":"post","link":"https:\/\/noticiasregionais.com.br\/?p=2691","title":{"rendered":"Recebendo 400 mil mensais de subs\u00eddio da Prefeitura, AVOA \u00e9 condenada por fraude e improbidade"},"content":{"rendered":"\n<p>A mat\u00e9ria foi divulgada em 19 de Abril pelo Portal <strong>Contratempo.info<\/strong> e fala sobre a recente decis\u00e3o do Tribunal de Justi\u00e7a em A\u00e7\u00e3o P\u00fablica\u00a0 que corre na 3\u00aa Vara Civil de Ourinhos, que condenou a empresa\u00a0 AVOA \u2013 Auto Via\u00e7\u00e3o Ourinhos Assis, por suposta fraude e improbidade administrativa em uma licita\u00e7\u00e3o para contrata\u00e7\u00e3o de \u00f4nibus para transporte escolar em 2012 durante a gest\u00e3o do ex prefeito Toshio Misato ao custo de mais de 4 milh\u00f5es de reais.<\/p>\n\n\n\n<p>A decis\u00e3o \u00e9 do juiz Flavio Augusto Reinert, e a A\u00e7\u00e3o envolve os s\u00f3cios propriet\u00e1rios de outras duas empresas de transporte que concorreram com o grupo que &nbsp;\u00e0 \u00e9poca participou da concorr\u00eancia como Via\u00e7\u00e3o Ourinhos Transportes de Passageiros Ltda \u2013 que tamb\u00e9m atualmente opera o transporte coletivo em Ourinhos por meio da CCO- Circular Cidade de Ourinhos.<\/p>\n\n\n\n<p>A &nbsp;licita\u00e7\u00e3o foi julgada irregular pelo Tribunal de Contas do Estado ainda em 2012 e tamb\u00e9m chegou a ser encerrada, por\u00e9m o caso foi reaberto e de acordo com a senten\u00e7a de Reinert, &nbsp;as empresas participantes pertenciam a um mesmo grupo econ\u00f4mico participando&nbsp; do preg\u00e3o como se fossem concorrentes.<\/p>\n\n\n\n<p>O grupo tinha s\u00f3cios e administradores da mesma fam\u00edlia e por meio do parentesco as empresas supostamente combinaram valores e violaram o sigilo das propostas para fraudar o certame.<\/p>\n\n\n\n<p>O juiz tamb\u00e9m condenou o Secret\u00e1rio de Finan\u00e7as da Prefeitura \u00e0 \u00e9poca Marco Ant\u00f4nio Ribeiro Margutti, respons\u00e1vel por fazer a homologa\u00e7\u00e3o. &nbsp;O Juiz aplicou multa de 10 vezes o valor da remunera\u00e7\u00e3o recebida pelo pelo servidor p\u00fablico, al\u00e9m da proibi\u00e7\u00e3o de contratar com o poder p\u00fablico por 4 anos. As partes condenadas pela decis\u00e3o v\u00e3o recorrer da senten\u00e7a.<\/p>\n\n\n\n<p><strong>400 mil de subsidio mensal desde 2022<\/strong><\/p>\n\n\n\n<p>Sobre o caso, a prefeitura se manifestou &nbsp;dizendo que ainda n\u00e3o fez a an\u00e1lise da decis\u00e3o do Tribunal de Justi\u00e7a, a Procuradoria Geral do Munic\u00edpio vai analisar a senten\u00e7a e por enquanto, o atual contrato entre a prefeitura e a CCO- Circular Cidade de Ourinhos do grupo AVOA continua vigente.<\/p>\n\n\n\n<p>O transporte coletivo na cidade recebe mensalmente um subsidio mensal de 400 mil da Prefeitura para \u201cajudar\u201d a empresa a manter o servi\u00e7o p\u00fablico de transporte no munic\u00edpio.<\/p>\n<input type=\"hidden\" id=\"baseurl\" value=\"https:\/\/noticiasregionais.com.br\"><input type=\"hidden\" id=\"audio_nonce\" value=\"533fbb67b1\">","protected":false},"excerpt":{"rendered":"<p>A mat\u00e9ria foi divulgada em 19 de Abril pelo Portal Contratempo.info e fala sobre a recente decis\u00e3o do Tribunal de&hellip;<\/p>\n","protected":false},"author":1,"featured_media":2692,"comment_status":"closed","ping_status":"open","sticky":false,"template":"","format":"standard","meta":{"sfsi_plus_gutenberg_text_before_share":"","sfsi_plus_gutenberg_show_text_before_share":"","sfsi_plus_gutenberg_icon_type":"","sfsi_plus_gutenberg_icon_alignemt":"","sfsi_plus_gutenburg_max_per_row":"","footnotes":""},"categories":[5,12,1],"tags":[],"class_list":["post-2691","post","type-post","status-publish","format-standard","has-post-thumbnail","hentry","category-ourinhos","category-capa","category-noticias"],"_links":{"self":[{"href":"https:\/\/noticiasregionais.com.br\/index.php?rest_route=\/wp\/v2\/posts\/2691","targetHints":{"allow":["GET"]}}],"collection":[{"href":"https:\/\/noticiasregionais.com.br\/index.php?rest_route=\/wp\/v2\/posts"}],"about":[{"href":"https:\/\/noticiasregionais.com.br\/index.php?rest_route=\/wp\/v2\/types\/post"}],"author":[{"embeddable":true,"href":"https:\/\/noticiasregionais.com.br\/index.php?rest_route=\/wp\/v2\/users\/1"}],"replies":[{"embeddable":true,"href":"https:\/\/noticiasregionais.com.br\/index.php?rest_route=%2Fwp%2Fv2%2Fcomments&post=2691"}],"version-history":[{"count":1,"href":"https:\/\/noticiasregionais.com.br\/index.php?rest_route=\/wp\/v2\/posts\/2691\/revisions"}],"predecessor-version":[{"id":2693,"href":"https:\/\/noticiasregionais.com.br\/index.php?rest_route=\/wp\/v2\/posts\/2691\/revisions\/2693"}],"wp:featuredmedia":[{"embeddable":true,"href":"https:\/\/noticiasregionais.com.br\/index.php?rest_route=\/wp\/v2\/media\/2692"}],"wp:attachment":[{"href":"https:\/\/noticiasregionais.com.br\/index.php?rest_route=%2Fwp%2Fv2%2Fmedia&parent=2691"}],"wp:term":[{"taxonomy":"category","embeddable":true,"href":"https:\/\/noticiasregionais.com.br\/index.php?rest_route=%2Fwp%2Fv2%2Fcategories&post=2691"},{"taxonomy":"post_tag","embeddable":true,"href":"https:\/\/noticiasregionais.com.br\/index.php?rest_route=%2Fwp%2Fv2%2Ftags&post=2691"}],"curies":[{"name":"wp","href":"https:\/\/api.w.org\/{rel}","templated":true}]}}