{"id":2701,"date":"2024-04-27T21:37:11","date_gmt":"2024-04-28T00:37:11","guid":{"rendered":"https:\/\/noticiasregionais.com.br\/?p=2701"},"modified":"2024-04-27T21:37:14","modified_gmt":"2024-04-28T00:37:14","slug":"quatro-pitbulls-atacam-e-matam-prestador-de-servico-em-quintal-de-casa","status":"publish","type":"post","link":"https:\/\/noticiasregionais.com.br\/?p=2701","title":{"rendered":"Quatro pitbulls atacam e matam prestador de servi\u00e7o em quintal de casa"},"content":{"rendered":"\n<p class=\"has-text-align-center\"><strong>A tutora dos c\u00e3es contou \u00e0 Pol\u00edcia Militar que a v\u00edtima tinha livre acesso ao p\u00e1tio da resid\u00eancia, e teria ficado de fazer um servi\u00e7o no poste de luz.<\/strong><\/p>\n\n\n\n<p>O caso foi divulgado pelo  <strong>Portal Sampi \/ Folhapress<\/strong>  e informa que um homem morreu na manh\u00e3 deste s\u00e1bado (27) ap\u00f3s ser atacado no quintal de uma casa por quatro c\u00e3es da ra\u00e7a pitbull. O caso ocorreu no bairro dos Ingleses, regi\u00e3o norte de Florian\u00f3polis.<\/p>\n\n\n\n<p>V\u00edtima, que n\u00e3o teve a identidade divulgada, morreu no local. Segundo o Corpo de Bombeiros, ele tinha cerca de 35 anos.<\/p>\n\n\n\n<p>O homem teria pulado o muro de uma casa e foi acatado pelos quatro animais. A tutora dos c\u00e3es contou \u00e0 Pol\u00edcia Militar que a v\u00edtima tinha livre acesso ao p\u00e1tio da resid\u00eancia, e teria ficado de fazer um servi\u00e7o no poste de luz.<\/p>\n\n\n\n<p>A tutora diz que tentou socorrer o homem, mas foi derrubada pelos cachorros.<\/p>\n\n\n\n<p>Um dos animais foi morto a tiros por moradores. Outros dois ficaram feridos. N\u00e3o h\u00e1 informa\u00e7\u00f5es sobre o estado de sa\u00fade dos c\u00e3es.<\/p>\n\n\n\n<p>O caso foi encaminhado para a Pol\u00edcia Civil. O UOL tenta contato com a corpora\u00e7\u00e3o para esclarecer se a tutora ser\u00e1 indiciada pelo crime.<\/p>\n<input type=\"hidden\" id=\"baseurl\" value=\"https:\/\/noticiasregionais.com.br\"><input type=\"hidden\" id=\"audio_nonce\" value=\"533fbb67b1\">","protected":false},"excerpt":{"rendered":"<p>A tutora dos c\u00e3es contou \u00e0 Pol\u00edcia Militar que a v\u00edtima tinha livre acesso ao p\u00e1tio da resid\u00eancia, e teria&hellip;<\/p>\n","protected":false},"author":1,"featured_media":2702,"comment_status":"closed","ping_status":"open","sticky":false,"template":"","format":"standard","meta":{"sfsi_plus_gutenberg_text_before_share":"","sfsi_plus_gutenberg_show_text_before_share":"","sfsi_plus_gutenberg_icon_type":"","sfsi_plus_gutenberg_icon_alignemt":"","sfsi_plus_gutenburg_max_per_row":"","footnotes":""},"categories":[8,10,1],"tags":[],"class_list":["post-2701","post","type-post","status-publish","format-standard","has-post-thumbnail","hentry","category-brasil","category-destaques","category-noticias"],"_links":{"self":[{"href":"https:\/\/noticiasregionais.com.br\/index.php?rest_route=\/wp\/v2\/posts\/2701","targetHints":{"allow":["GET"]}}],"collection":[{"href":"https:\/\/noticiasregionais.com.br\/index.php?rest_route=\/wp\/v2\/posts"}],"about":[{"href":"https:\/\/noticiasregionais.com.br\/index.php?rest_route=\/wp\/v2\/types\/post"}],"author":[{"embeddable":true,"href":"https:\/\/noticiasregionais.com.br\/index.php?rest_route=\/wp\/v2\/users\/1"}],"replies":[{"embeddable":true,"href":"https:\/\/noticiasregionais.com.br\/index.php?rest_route=%2Fwp%2Fv2%2Fcomments&post=2701"}],"version-history":[{"count":1,"href":"https:\/\/noticiasregionais.com.br\/index.php?rest_route=\/wp\/v2\/posts\/2701\/revisions"}],"predecessor-version":[{"id":2703,"href":"https:\/\/noticiasregionais.com.br\/index.php?rest_route=\/wp\/v2\/posts\/2701\/revisions\/2703"}],"wp:featuredmedia":[{"embeddable":true,"href":"https:\/\/noticiasregionais.com.br\/index.php?rest_route=\/wp\/v2\/media\/2702"}],"wp:attachment":[{"href":"https:\/\/noticiasregionais.com.br\/index.php?rest_route=%2Fwp%2Fv2%2Fmedia&parent=2701"}],"wp:term":[{"taxonomy":"category","embeddable":true,"href":"https:\/\/noticiasregionais.com.br\/index.php?rest_route=%2Fwp%2Fv2%2Fcategories&post=2701"},{"taxonomy":"post_tag","embeddable":true,"href":"https:\/\/noticiasregionais.com.br\/index.php?rest_route=%2Fwp%2Fv2%2Ftags&post=2701"}],"curies":[{"name":"wp","href":"https:\/\/api.w.org\/{rel}","templated":true}]}}