{"id":2706,"date":"2024-04-28T09:05:28","date_gmt":"2024-04-28T12:05:28","guid":{"rendered":"https:\/\/noticiasregionais.com.br\/?p=2706"},"modified":"2024-04-28T09:05:40","modified_gmt":"2024-04-28T12:05:40","slug":"eleicoes-2024-prazo-para-transferir-o-titulo-e-votar-para-prefeito-e-vereador-acaba-em-8-de-maio","status":"publish","type":"post","link":"https:\/\/noticiasregionais.com.br\/?p=2706","title":{"rendered":"Elei\u00e7\u00f5es 2024: prazo para transferir o t\u00edtulo e votar para prefeito e vereador acaba em 8 de maio"},"content":{"rendered":"\n<p class=\"has-text-align-center\"><strong>Em 6 de outubro, mais de 153 milh\u00f5es de eleitores estar\u00e3o aptos para exercer seu direito de voto nas elei\u00e7\u00f5es municipais<\/strong><\/p>\n\n\n\n<p>Eleitores de todo o pa\u00eds devem resolver suas pend\u00eancias com a Justi\u00e7a Eleitoral at\u00e9 o dia 8 de maio. Nesse per\u00edodo, os cidad\u00e3os conseguem pedir transfer\u00eancia de domic\u00edlio, atualizar os dados cadastrais e os jovens com idade entre 16 e 18 anos podem tirar o t\u00edtulo de eleitor. Ap\u00f3s essa data, o cadastro eleitoral ser\u00e1 encerrado para a organiza\u00e7\u00e3o das elei\u00e7\u00f5es municipais deste ano.&nbsp;<\/p>\n\n\n\n<p>Em 6 de outubro, mais de 153 milh\u00f5es de eleitores estar\u00e3o aptos para exercer seu direito de voto, utilizando urnas eletr\u00f4nicas, para eleger prefeitos, vice-prefeitos e vereadores pelos pr\u00f3ximos quatro anos.<\/p>\n\n\n\n<p>Eleitores podem verificar sua situa\u00e7\u00e3o acessando o <a href=\"https:\/\/www.tse.jus.br\/servicos-eleitorais\/titulo-e-local-de-votacao\/copy_of_consulta-por-nome\" target=\"_blank\" rel=\"noopener\">Portal do TSE<\/a> ou na unidade da Justi\u00e7a Eleitoral mais pr\u00f3xima.<\/p>\n\n\n\n<p>Se estiver &#8220;Regular&#8221;, significa que sua inscri\u00e7\u00e3o eleitoral est\u00e1 apta para o exerc\u00edcio do voto.<\/p>\n\n\n\n<p>Se estiver &#8220;Cancelada&#8221;, seu t\u00edtulo de eleitor estar\u00e1 indispon\u00edvel para o exerc\u00edcio do voto.<\/p>\n\n\n\n<h2 class=\"wp-block-heading\">Como regularizar o t\u00edtulo eleitoral<\/h2>\n\n\n\n<p>Sabrina de Paula Braga, membro da Academia Brasileira de Direito Eleitoral e Pol\u00edtico (Abradep), informa que os eleitores que n\u00e3o t\u00eam biometria devem ir at\u00e9 o cart\u00f3rio eleitoral mais pr\u00f3ximo para colher as impress\u00f5es digitais. O cadastro biom\u00e9trico \u00e9 gratuito.&nbsp;<\/p>\n\n\n\n<p>\u201cAlgumas pessoas fizeram um t\u00edtulo de eleitor durante a pandemia, e nesse per\u00edodo, n\u00e3o foi colhida biometria dessas pessoas. Ent\u00e3o em alguns estados, onde h\u00e1 o cadastramento biom\u00e9trico obrigat\u00f3rio, essas pessoas que n\u00e3o comparecerem novamente ao cart\u00f3rio eleitoral para ent\u00e3o colher os dados biom\u00e9tricos ter\u00e3o seus t\u00edtulos cancelados e n\u00e3o v\u00e3o poder votar nas pr\u00f3ximas elei\u00e7\u00f5es\u201d, explica Braga.<\/p>\n\n\n\n<p>Os eleitores com biometria cadastrada podem solicitar a regulariza\u00e7\u00e3o do t\u00edtulo cancelado em uma unidade da Justi\u00e7a Eleitoral ou pelo servi\u00e7o de Autoatendimento Eleitoral, no site do TSE.&nbsp;<\/p>\n\n\n\n<p>Vale lembrar que o Distrito Federal \u00e9 a \u00fanica unidade da federa\u00e7\u00e3o onde n\u00e3o haver\u00e1 elei\u00e7\u00f5es em 2024, por n\u00e3o ter representa\u00e7\u00e3o municipal.<\/p>\n\n\n\n<p>As informa\u00e7\u00f5es s\u00e3o do Tribunal Superior Eleitoral (TSE).&nbsp;<\/p>\n\n\n\n<p><strong>Leia mais:<\/strong><\/p>\n\n\n\n<p><a href=\"https:\/\/brasil61.com\/n\/desoneracao-da-folha-prefeitos-se-mobilizam-para-conseguir-decisao-definitiva-bras2411433\" target=\"_blank\" rel=\"noopener\">DESONERA\u00c7\u00c3O DA FOLHA: prefeitos se mobilizam para conseguir decis\u00e3o definitiva<\/a><\/p>\n\n\n\n<p>Fonte: <a href=\"https:\/\/brasil61.com\/n\/eleicoes-2024-prazo-para-transferir-o-titulo-e-votar-para-prefeito-e-vereador-acaba-em-8-de-maio-bras2411580?email=fxmendes2012@gmail.com&amp;utm_source=email_individual&amp;utm_medium=email_individual&amp;utm_campaign=email_individual\" target=\"_blank\" rel=\"noreferrer noopener\">Brasil 61<\/a><\/p>\n<input type=\"hidden\" id=\"baseurl\" value=\"https:\/\/noticiasregionais.com.br\"><input type=\"hidden\" id=\"audio_nonce\" value=\"533fbb67b1\">","protected":false},"excerpt":{"rendered":"<p>Em 6 de outubro, mais de 153 milh\u00f5es de eleitores estar\u00e3o aptos para exercer seu direito de voto nas elei\u00e7\u00f5es&hellip;<\/p>\n","protected":false},"author":1,"featured_media":2707,"comment_status":"closed","ping_status":"open","sticky":false,"template":"","format":"standard","meta":{"sfsi_plus_gutenberg_text_before_share":"","sfsi_plus_gutenberg_show_text_before_share":"","sfsi_plus_gutenberg_icon_type":"","sfsi_plus_gutenberg_icon_alignemt":"","sfsi_plus_gutenburg_max_per_row":"","footnotes":""},"categories":[8,12,1],"tags":[],"class_list":["post-2706","post","type-post","status-publish","format-standard","has-post-thumbnail","hentry","category-brasil","category-capa","category-noticias"],"_links":{"self":[{"href":"https:\/\/noticiasregionais.com.br\/index.php?rest_route=\/wp\/v2\/posts\/2706","targetHints":{"allow":["GET"]}}],"collection":[{"href":"https:\/\/noticiasregionais.com.br\/index.php?rest_route=\/wp\/v2\/posts"}],"about":[{"href":"https:\/\/noticiasregionais.com.br\/index.php?rest_route=\/wp\/v2\/types\/post"}],"author":[{"embeddable":true,"href":"https:\/\/noticiasregionais.com.br\/index.php?rest_route=\/wp\/v2\/users\/1"}],"replies":[{"embeddable":true,"href":"https:\/\/noticiasregionais.com.br\/index.php?rest_route=%2Fwp%2Fv2%2Fcomments&post=2706"}],"version-history":[{"count":1,"href":"https:\/\/noticiasregionais.com.br\/index.php?rest_route=\/wp\/v2\/posts\/2706\/revisions"}],"predecessor-version":[{"id":2708,"href":"https:\/\/noticiasregionais.com.br\/index.php?rest_route=\/wp\/v2\/posts\/2706\/revisions\/2708"}],"wp:featuredmedia":[{"embeddable":true,"href":"https:\/\/noticiasregionais.com.br\/index.php?rest_route=\/wp\/v2\/media\/2707"}],"wp:attachment":[{"href":"https:\/\/noticiasregionais.com.br\/index.php?rest_route=%2Fwp%2Fv2%2Fmedia&parent=2706"}],"wp:term":[{"taxonomy":"category","embeddable":true,"href":"https:\/\/noticiasregionais.com.br\/index.php?rest_route=%2Fwp%2Fv2%2Fcategories&post=2706"},{"taxonomy":"post_tag","embeddable":true,"href":"https:\/\/noticiasregionais.com.br\/index.php?rest_route=%2Fwp%2Fv2%2Ftags&post=2706"}],"curies":[{"name":"wp","href":"https:\/\/api.w.org\/{rel}","templated":true}]}}