{"id":2716,"date":"2024-04-29T10:25:40","date_gmt":"2024-04-29T13:25:40","guid":{"rendered":"https:\/\/noticiasregionais.com.br\/?p=2716"},"modified":"2024-04-29T10:26:26","modified_gmt":"2024-04-29T13:26:26","slug":"menor-de-idade-e-flagrado-com-crack-na-praca-da-vila-musa-em-ourinhos","status":"publish","type":"post","link":"https:\/\/noticiasregionais.com.br\/?p=2716","title":{"rendered":"Menor de idade \u00e9 flagrado com crack na Pra\u00e7a da Vila Musa em Ourinhos"},"content":{"rendered":"\n<p>Na noite de ontem, 28 de abril, por volta das 20h30min, um menor infrator foi apreendido em posse de crack na Avenida Domingos Camerlingo Cal\u00f3, na Pra\u00e7a da Vila Musa, em Ourinhos.<\/p>\n\n\n\n<p>Durante uma opera\u00e7\u00e3o de rotina, a equipe da Pol\u00edcia Militar abordou o indiv\u00edduo, que aparentava estar em atitude suspeita. Na revista pessoal, os agentes encontraram 0,004 kg de crack, e a quantia de R$ 110,00 em dinheiro, al\u00e9m de dois celulares.<\/p>\n\n\n\n<p>Diante da situa\u00e7\u00e3o, o menor foi apreendido e encaminhado \u00e0 Central de Pol\u00edcia Judici\u00e1ria (CPJ), onde a autoridade competente tomar\u00e1 as medidas cab\u00edveis.<\/p>\n<input type=\"hidden\" id=\"baseurl\" value=\"https:\/\/noticiasregionais.com.br\"><input type=\"hidden\" id=\"audio_nonce\" value=\"533fbb67b1\">","protected":false},"excerpt":{"rendered":"<p>Na noite de ontem, 28 de abril, por volta das 20h30min, um menor infrator foi apreendido em posse de crack&hellip;<\/p>\n","protected":false},"author":1,"featured_media":2717,"comment_status":"closed","ping_status":"open","sticky":false,"template":"","format":"standard","meta":{"sfsi_plus_gutenberg_text_before_share":"","sfsi_plus_gutenberg_show_text_before_share":"","sfsi_plus_gutenberg_icon_type":"","sfsi_plus_gutenberg_icon_alignemt":"","sfsi_plus_gutenburg_max_per_row":"","footnotes":""},"categories":[5,10,1],"tags":[],"class_list":["post-2716","post","type-post","status-publish","format-standard","has-post-thumbnail","hentry","category-ourinhos","category-destaques","category-noticias"],"_links":{"self":[{"href":"https:\/\/noticiasregionais.com.br\/index.php?rest_route=\/wp\/v2\/posts\/2716","targetHints":{"allow":["GET"]}}],"collection":[{"href":"https:\/\/noticiasregionais.com.br\/index.php?rest_route=\/wp\/v2\/posts"}],"about":[{"href":"https:\/\/noticiasregionais.com.br\/index.php?rest_route=\/wp\/v2\/types\/post"}],"author":[{"embeddable":true,"href":"https:\/\/noticiasregionais.com.br\/index.php?rest_route=\/wp\/v2\/users\/1"}],"replies":[{"embeddable":true,"href":"https:\/\/noticiasregionais.com.br\/index.php?rest_route=%2Fwp%2Fv2%2Fcomments&post=2716"}],"version-history":[{"count":2,"href":"https:\/\/noticiasregionais.com.br\/index.php?rest_route=\/wp\/v2\/posts\/2716\/revisions"}],"predecessor-version":[{"id":2719,"href":"https:\/\/noticiasregionais.com.br\/index.php?rest_route=\/wp\/v2\/posts\/2716\/revisions\/2719"}],"wp:featuredmedia":[{"embeddable":true,"href":"https:\/\/noticiasregionais.com.br\/index.php?rest_route=\/wp\/v2\/media\/2717"}],"wp:attachment":[{"href":"https:\/\/noticiasregionais.com.br\/index.php?rest_route=%2Fwp%2Fv2%2Fmedia&parent=2716"}],"wp:term":[{"taxonomy":"category","embeddable":true,"href":"https:\/\/noticiasregionais.com.br\/index.php?rest_route=%2Fwp%2Fv2%2Fcategories&post=2716"},{"taxonomy":"post_tag","embeddable":true,"href":"https:\/\/noticiasregionais.com.br\/index.php?rest_route=%2Fwp%2Fv2%2Ftags&post=2716"}],"curies":[{"name":"wp","href":"https:\/\/api.w.org\/{rel}","templated":true}]}}