{"id":2720,"date":"2024-04-29T10:32:43","date_gmt":"2024-04-29T13:32:43","guid":{"rendered":"https:\/\/noticiasregionais.com.br\/?p=2720"},"modified":"2024-04-29T10:32:46","modified_gmt":"2024-04-29T13:32:46","slug":"fapesp-estao-abertas-as-inscricoes-para-a-3a-edicao-do-premio-ciencia-para-todos","status":"publish","type":"post","link":"https:\/\/noticiasregionais.com.br\/?p=2720","title":{"rendered":"Fapesp: est\u00e3o abertas as inscri\u00e7\u00f5es para a 3\u00aa edi\u00e7\u00e3o do Pr\u00eamio Ci\u00eancia para Todos"},"content":{"rendered":"\n<p class=\"has-text-align-center\"><strong>Concurso vale para projetos de pesquisa em qualquer \u00e1rea do conhecimento envolvendo m\u00e9todos da ci\u00eancia para solucionar problemas<\/strong><\/p>\n\n\n\n<p>Come\u00e7aram na semana passada as inscri\u00e7\u00f5es para a 3\u00aa edi\u00e7\u00e3o do Pr\u00eamio Ci\u00eancia para Todos, uma iniciativa da&nbsp;<a href=\"https:\/\/fapesp.br\/\" target=\"_blank\" rel=\"noreferrer noopener\">Fapesp<\/a>&nbsp;e da Funda\u00e7\u00e3o Roberto Marinho, por meio do Canal Futura. A iniciativa visa incentivar o desenvolvimento de atividades cient\u00edficas em escolas p\u00fablicas e promover o engajamento de estudantes e da comunidade escolar com a ci\u00eancia e suas aplica\u00e7\u00f5es na educa\u00e7\u00e3o e na vida. As inscri\u00e7\u00f5es v\u00e3o at\u00e9 o dia 3 de junho.<\/p>\n\n\n\n<p>A exemplo da edi\u00e7\u00e3o anterior, o tema ser\u00e1 \u201cUm mundo melhor para todos\u201d, que alinha a premia\u00e7\u00e3o aos Objetivos de Desenvolvimento Sustent\u00e1vel (ODS) e busca fazer uma reflex\u00e3o sobre o papel da ci\u00eancia para o alcance das metas da Agenda 2030, al\u00e9m de refor\u00e7ar a import\u00e2ncia do desenvolvimento cient\u00edfico como um dos pilares da forma\u00e7\u00e3o de cidad\u00e3os cr\u00edticos, reflexivos, que atuam na constru\u00e7\u00e3o de um futuro mais sustent\u00e1vel, menos desigual e cada vez mais inclusivo.<\/p>\n\n\n\n<p>Os respons\u00e1veis pela inscri\u00e7\u00e3o ao pr\u00eamio s\u00e3o os professores da rede p\u00fablica de educa\u00e7\u00e3o, desde o processo de submiss\u00e3o da proposta at\u00e9 a implementa\u00e7\u00e3o do projeto apresentado.<\/p>\n\n\n\n<p>Os professores podem inscrever a\u00e7\u00f5es que envolvam uma de suas turmas de estudantes ou grupo formado por estudantes de diferentes turmas, que participar\u00e3o da implementa\u00e7\u00e3o de um projeto. Os participantes precisam estar cursando os anos finais do ensino fundamental e do ensino m\u00e9dio, matriculados na rede p\u00fablica do Estado de S\u00e3o Paulo, considerando o ensino regular, e dos segmentos da educa\u00e7\u00e3o de jovens e adultos (EJA) e do ensino m\u00e9dio t\u00e9cnico profissionalizante. Basta acessar o site da premia\u00e7\u00e3o para se inscrever.<\/p>\n\n\n\n<p>Os professores e estudantes premiados em cada uma das categorias ter\u00e3o a oportunidade de visitar um centro de pesquisa apoiado pela Fapesp (inclui transporte, alimenta\u00e7\u00e3o e media\u00e7\u00e3o pedag\u00f3gica). Os professores das equipes premiadas receber\u00e3o tamb\u00e9m um notebook.<\/p>\n\n\n\n<p>Nesta 3\u00aa edi\u00e7\u00e3o, a premia\u00e7\u00e3o vai selecionar e destacar projetos de pesquisa, em qualquer \u00e1rea do conhecimento, que utilizem m\u00e9todos da ci\u00eancia para propor solu\u00e7\u00f5es de problemas concretos relacionados aos 17 ODS da Organiza\u00e7\u00e3o das Na\u00e7\u00f5es Unidas (ONU). Todos os inscritos participar\u00e3o de, pelo menos, duas jornadas formativas oferecidas pela Funda\u00e7\u00e3o Roberto Marinho, por meio dos ambientes digitais de cursos do Canal Futura, para aprender sobre escrita de projetos, o uso do audiovisual na educa\u00e7\u00e3o e ainda a cria\u00e7\u00e3o e edi\u00e7\u00e3o de v\u00eddeos. Ao final, os participantes receber\u00e3o certifica\u00e7\u00f5es pelas jornadas completadas.<\/p>\n\n\n\n<p>Os projetos de pesquisa dever\u00e3o:<\/p>\n\n\n\n<ul class=\"wp-block-list\">\n<li>identificar um problema concreto na comunidade<\/li>\n\n\n\n<li>formular hip\u00f3teses<\/li>\n\n\n\n<li>revisar a literatura<\/li>\n\n\n\n<li>apresentar propostas de interven\u00e7\u00e3o<\/li>\n<\/ul>\n\n\n\n<p>Os candidatos devem tamb\u00e9m, antes de apresentar solu\u00e7\u00f5es, informar seus resultados e conclus\u00f5es em formato de v\u00eddeo. A participa\u00e7\u00e3o dos projetos habilitados na etapa de inscri\u00e7\u00e3o inclui a entrega do relat\u00f3rio da pesquisa e do registro audiovisual na \u00faltima etapa, que acontecer\u00e1 at\u00e9 30 de setembro. A cerim\u00f4nia de premia\u00e7\u00e3o ser\u00e1 em novembro, em data e local a serem definidos.<\/p>\n\n\n\n<p>As inscri\u00e7\u00f5es devem ser feitas pelo endere\u00e7o:&nbsp;<a href=\"https:\/\/futura.frm.org.br\/conteudo\/educacao-basica\/solucao\/ciencia-para-todos\" target=\"_blank\" rel=\"noreferrer noopener\">ht<\/a><a href=\"https:\/\/futura.frm.org.br\/conteudo\/educacao-basica\/solucao\/ciencia-para-todos\" target=\"_blank\" rel=\"noreferrer noopener\">tps:\/\/futura.frm.org.br\/conteudo\/educacao-basica\/solucao\/ciencia-para-todos<\/a>.<\/p>\n<input type=\"hidden\" id=\"baseurl\" value=\"https:\/\/noticiasregionais.com.br\"><input type=\"hidden\" id=\"audio_nonce\" value=\"3cdc555a10\">","protected":false},"excerpt":{"rendered":"<p>Concurso vale para projetos de pesquisa em qualquer \u00e1rea do conhecimento envolvendo m\u00e9todos da ci\u00eancia para solucionar problemas Come\u00e7aram na&hellip;<\/p>\n","protected":false},"author":1,"featured_media":2721,"comment_status":"closed","ping_status":"open","sticky":false,"template":"","format":"standard","meta":{"sfsi_plus_gutenberg_text_before_share":"","sfsi_plus_gutenberg_show_text_before_share":"","sfsi_plus_gutenberg_icon_type":"","sfsi_plus_gutenberg_icon_alignemt":"","sfsi_plus_gutenburg_max_per_row":"","footnotes":""},"categories":[6,10,1],"tags":[],"class_list":["post-2720","post","type-post","status-publish","format-standard","has-post-thumbnail","hentry","category-sao_paulo","category-destaques","category-noticias"],"_links":{"self":[{"href":"https:\/\/noticiasregionais.com.br\/index.php?rest_route=\/wp\/v2\/posts\/2720","targetHints":{"allow":["GET"]}}],"collection":[{"href":"https:\/\/noticiasregionais.com.br\/index.php?rest_route=\/wp\/v2\/posts"}],"about":[{"href":"https:\/\/noticiasregionais.com.br\/index.php?rest_route=\/wp\/v2\/types\/post"}],"author":[{"embeddable":true,"href":"https:\/\/noticiasregionais.com.br\/index.php?rest_route=\/wp\/v2\/users\/1"}],"replies":[{"embeddable":true,"href":"https:\/\/noticiasregionais.com.br\/index.php?rest_route=%2Fwp%2Fv2%2Fcomments&post=2720"}],"version-history":[{"count":1,"href":"https:\/\/noticiasregionais.com.br\/index.php?rest_route=\/wp\/v2\/posts\/2720\/revisions"}],"predecessor-version":[{"id":2722,"href":"https:\/\/noticiasregionais.com.br\/index.php?rest_route=\/wp\/v2\/posts\/2720\/revisions\/2722"}],"wp:featuredmedia":[{"embeddable":true,"href":"https:\/\/noticiasregionais.com.br\/index.php?rest_route=\/wp\/v2\/media\/2721"}],"wp:attachment":[{"href":"https:\/\/noticiasregionais.com.br\/index.php?rest_route=%2Fwp%2Fv2%2Fmedia&parent=2720"}],"wp:term":[{"taxonomy":"category","embeddable":true,"href":"https:\/\/noticiasregionais.com.br\/index.php?rest_route=%2Fwp%2Fv2%2Fcategories&post=2720"},{"taxonomy":"post_tag","embeddable":true,"href":"https:\/\/noticiasregionais.com.br\/index.php?rest_route=%2Fwp%2Fv2%2Ftags&post=2720"}],"curies":[{"name":"wp","href":"https:\/\/api.w.org\/{rel}","templated":true}]}}