{"id":2723,"date":"2024-04-29T19:25:49","date_gmt":"2024-04-29T22:25:49","guid":{"rendered":"https:\/\/noticiasregionais.com.br\/?p=2723"},"modified":"2024-04-29T19:25:51","modified_gmt":"2024-04-29T22:25:51","slug":"pre-prende-caminhoneiro-portando-arma-de-fogo-em-santa-cruz-do-rio-pardo","status":"publish","type":"post","link":"https:\/\/noticiasregionais.com.br\/?p=2723","title":{"rendered":"PRE prende caminhoneiro portando arma de fogo em Santa Cruz do Rio Pardo"},"content":{"rendered":"\n<p class=\"has-text-align-center\"><strong>Pistola calibre 380 com 11 muni\u00e7\u00f5es estava escondida sob a cama do motorista. O indiv\u00edduo foi detido e encaminhado \u00e0 Central de Pol\u00edcia Judici\u00e1ria.<\/strong><\/p>\n\n\n\n<p>Na manh\u00e3 de hoje, durante a Opera\u00e7\u00e3o Impacto, policiais militares rodovi\u00e1rios abordaram um caminh\u00e3o Scania\/P340 na pra\u00e7a de ped\u00e1gio de Santa Cruz do Rio Pardo.<\/p>\n\n\n\n<p>Durante a revista no interior da cabine, os policiais localizaram uma pistola calibre 380 com 11 muni\u00e7\u00f5es escondida sob a cama do motorista. O indiv\u00edduo foi detido e encaminhado \u00e0 Central de Pol\u00edcia Judici\u00e1ria da cidade.<\/p>\n\n\n\n<p><strong>A\u00e7\u00e3o Integrada<\/strong><\/p>\n\n\n\n<p>A Opera\u00e7\u00e3o Impacto \u00e9 uma a\u00e7\u00e3o conjunta das Pol\u00edcias Militar Rodovi\u00e1ria e Civil, que visa combater a criminalidade nas rodovias do Estado de S\u00e3o Paulo.<\/p>\n\n\n\n<p><strong>Compromisso com a Seguran\u00e7a<\/strong><\/p>\n\n\n\n<p>A Pol\u00edcia Militar Rodovi\u00e1ria reitera seu compromisso com a seguran\u00e7a nas rodovias paulistas e continuar\u00e1 trabalhando para coibir o porte ilegal de armas de fogo e outros crimes.<\/p>\n\n\n\n<p><strong>Informa\u00e7\u00f5es Adicionais:<\/strong><\/p>\n\n\n\n<ul class=\"wp-block-list\">\n<li><strong>Local:<\/strong> Rodovia Orlando Quagliato (SP-327), km 014+500<\/li>\n\n\n\n<li><strong>Data\/Hora:<\/strong> 29\/04\/2024 &#8211; 11:40h<\/li>\n\n\n\n<li><strong>Arma Apreendida:<\/strong> Pistola calibre 380 com 11 muni\u00e7\u00f5es<\/li>\n<\/ul>\n\n\n\n<p><strong>Pol\u00edcia Militar Rodovi\u00e1ria:<\/strong><\/p>\n\n\n\n<ul class=\"wp-block-list\">\n<li><strong>Telefone:<\/strong> 198<\/li>\n\n\n\n<li><strong>Site:<\/strong> www.policiamilitarrodoviaria.sp.gov.br<\/li>\n<\/ul>\n\n\n\n<p><strong>#PMRP200Anos #Ningu\u00e9mFicaParaTr\u00e1s<\/strong><\/p>\n<input type=\"hidden\" id=\"baseurl\" value=\"https:\/\/noticiasregionais.com.br\"><input type=\"hidden\" id=\"audio_nonce\" value=\"533fbb67b1\">","protected":false},"excerpt":{"rendered":"<p>Pistola calibre 380 com 11 muni\u00e7\u00f5es estava escondida sob a cama do motorista. O indiv\u00edduo foi detido e encaminhado \u00e0&hellip;<\/p>\n","protected":false},"author":1,"featured_media":2724,"comment_status":"closed","ping_status":"open","sticky":false,"template":"","format":"standard","meta":{"sfsi_plus_gutenberg_text_before_share":"","sfsi_plus_gutenberg_show_text_before_share":"","sfsi_plus_gutenberg_icon_type":"","sfsi_plus_gutenberg_icon_alignemt":"","sfsi_plus_gutenburg_max_per_row":"","footnotes":""},"categories":[6,12,1],"tags":[],"class_list":["post-2723","post","type-post","status-publish","format-standard","has-post-thumbnail","hentry","category-sao_paulo","category-capa","category-noticias"],"_links":{"self":[{"href":"https:\/\/noticiasregionais.com.br\/index.php?rest_route=\/wp\/v2\/posts\/2723","targetHints":{"allow":["GET"]}}],"collection":[{"href":"https:\/\/noticiasregionais.com.br\/index.php?rest_route=\/wp\/v2\/posts"}],"about":[{"href":"https:\/\/noticiasregionais.com.br\/index.php?rest_route=\/wp\/v2\/types\/post"}],"author":[{"embeddable":true,"href":"https:\/\/noticiasregionais.com.br\/index.php?rest_route=\/wp\/v2\/users\/1"}],"replies":[{"embeddable":true,"href":"https:\/\/noticiasregionais.com.br\/index.php?rest_route=%2Fwp%2Fv2%2Fcomments&post=2723"}],"version-history":[{"count":1,"href":"https:\/\/noticiasregionais.com.br\/index.php?rest_route=\/wp\/v2\/posts\/2723\/revisions"}],"predecessor-version":[{"id":2725,"href":"https:\/\/noticiasregionais.com.br\/index.php?rest_route=\/wp\/v2\/posts\/2723\/revisions\/2725"}],"wp:featuredmedia":[{"embeddable":true,"href":"https:\/\/noticiasregionais.com.br\/index.php?rest_route=\/wp\/v2\/media\/2724"}],"wp:attachment":[{"href":"https:\/\/noticiasregionais.com.br\/index.php?rest_route=%2Fwp%2Fv2%2Fmedia&parent=2723"}],"wp:term":[{"taxonomy":"category","embeddable":true,"href":"https:\/\/noticiasregionais.com.br\/index.php?rest_route=%2Fwp%2Fv2%2Fcategories&post=2723"},{"taxonomy":"post_tag","embeddable":true,"href":"https:\/\/noticiasregionais.com.br\/index.php?rest_route=%2Fwp%2Fv2%2Ftags&post=2723"}],"curies":[{"name":"wp","href":"https:\/\/api.w.org\/{rel}","templated":true}]}}