{"id":2726,"date":"2024-04-29T21:25:52","date_gmt":"2024-04-30T00:25:52","guid":{"rendered":"https:\/\/noticiasregionais.com.br\/?p=2726"},"modified":"2024-04-30T08:09:04","modified_gmt":"2024-04-30T11:09:04","slug":"equivoco-ou-desinformacao-publicacao-alega-que-so-haveria-um-pre-candidato-de-direita-em-ourinhos","status":"publish","type":"post","link":"https:\/\/noticiasregionais.com.br\/?p=2726","title":{"rendered":"Equ\u00edvoco ou Desinforma\u00e7\u00e3o? Publica\u00e7\u00e3o alega que s\u00f3 haveria um pr\u00e9 candidato de direita em Ourinhos"},"content":{"rendered":"\n<p class=\"has-text-align-center\"><strong>Enquanto Caio Lima, apoiado por Kassab, com 3 minist\u00e9rios no governo Lula, \u00e9 chamado de &#8220;Direita&#8221;, Guilherme Gon\u00e7alves apoiado por v\u00e1rios partidos &#8220;Bolsonaristas&#8221; \u00e9 rotulado como esquerda.<\/strong><\/p>\n\n\n\n<p>Uma mat\u00e9ria que circulou nas redes sociais e em alguns sites patrocinados pela Prefeitura de Ourinhos fez afirma\u00e7\u00f5es que foram contestadas imediatamente pelos internautas. Em uma das partes relevantes a mat\u00e9ria afirma que s\u00f3 h\u00e1 um pr\u00e9 candidato de direita atualmente em Ourinhos.<\/p>\n\n\n\n<blockquote class=\"wp-block-quote is-layout-flow wp-block-quote-is-layout-flow\">\n<p> &#8220;s\u00f3 tem um pr\u00e9-candidato de direita, que \u00e9 o Caio Lima, que representa a centro-direita, tem o apoio do atual prefeito, Lucas Pocay&#8221;. <\/p>\n<\/blockquote>\n\n\n\n<p>O fato \u00e9 que Lucas e Caio s\u00e3o do PSD e apoiados por Gilberto Kassab, que recentemente recebeu duras cr\u00edticas do ex presidente Jair Bolsonaro pelo posicionamento intimo com o governo Lula.<\/p>\n\n\n\n<blockquote class=\"wp-block-quote is-layout-flow wp-block-quote-is-layout-flow\">\n<p>\u201cO Kassab bem representa o car\u00e1ter do velho pol\u00edtico brasileiro. Essas pessoas presas e esse que morreu, o Clez\u00e3o, o senhor Kassab tem responsabilidade nisso\u201d\u2026<\/p>\n<cite>Jair Bolsonaro<\/cite><\/blockquote>\n\n\n\n<p>Bolsonaro afirmou que Kassab pediu aos congressistas da sigla que votassem a favor do seu indiciamento no relat\u00f3rio final da CPI (Comiss\u00e3o Parlamentar de Inqu\u00e9rito) do 8 de Janeiro em 2023. O objetivo, segundo ele, seria manter o controle de 3 minist\u00e9rios no governo Lula (PT). Atualmente, o PSD t\u00eam entre os ministros do governo Lula o ministro de Minas e Energia, Alexandre Silveira; ministro da Pesca e Aquicultura, Andr\u00e9 de Paula; e o ministro da Agricultura e Pecu\u00e1ria, Carlos F\u00e1varo.<\/p>\n\n\n\n<p>Por outro lado, a mesma mat\u00e9ria afirma que o vereador e pr\u00e9 candidato a prefeito Guilherme Gon\u00e7alves do Podemos \u00e9 de Centro Esquerda. <\/p>\n\n\n\n<blockquote class=\"wp-block-quote is-layout-flow wp-block-quote-is-layout-flow\">\n<p>&#8220;J\u00e1 representando a esquerda, aparecem 3 pr\u00e9 candidatos: Guilherme Gon\u00e7alves (centro-esquerda), que tem um hist\u00f3rico de votar contra diversos projetos de investimento propostos durante a atual gest\u00e3o. Guilherme criticou e foi contra a concess\u00e3o da SAE, a terceiriza\u00e7\u00e3o da coleta de lixo\u2026&#8221; (Que inclusive motivou uma den\u00fancia do MP contra Pocay e seu secret\u00e1rio de Meio Ambiente)<\/p>\n<\/blockquote>\n\n\n\n<p>Diversas autoridades da Direita Nacional j\u00e1 manifestaram expressamente seu apoio ao pr\u00e9 candidato de oposi\u00e7\u00e3o ao atual prefeito, como o Deputado Federal Capit\u00e3o Augusto, a Deputada Estadual Dani Alonso, o Governador de S\u00e3o Paulo Tarc\u00edsio de Freitas e o Pecuarista Kiko Quagliato. Al\u00e9m disso, o PODE (Podemos) \u00e9 um partido hist\u00f3ricamente de Centro Direita e nesta elei\u00e7\u00e3o municipal j\u00e1 conta com os apoios do PL, PP, Republicanos, Novo, Uni\u00e3o Brasil e PRD, todos partidos ligados ao ex-presidente Jair Bolsonaro. O PDT pode engrossar a coliga\u00e7\u00e3o.<\/p>\n\n\n\n<p><strong>Os internautas n\u00e3o perdoaram e fizeram duras cr\u00edticas \u00e0s publica\u00e7\u00f5es:<\/strong><\/p>\n\n\n\n<p>&#8220;Guilherme Gon\u00e7alves tem o apoio do atual governador ent\u00e3o explica a\u00ed quem e esquerda, conta outra n\u00f3s popula\u00e7\u00e3o n\u00e3o ca\u00edmos nesta n\u00e3o \ud83d\ude02\ud83d\ude02\ud83d\ude02&#8221;<\/p>\n\n\n\n<p>&#8220;As coisas est\u00e3o invertidas ou e impress\u00e3o minha? T\u00e1 igual as pesquisas do nove dedos falando que nine e de direita kkkkkkkkkkkkkkkkkkkk&#8221;<\/p>\n\n\n\n<p>&#8220;Infelizmente muitos v\u00e3o cairr nessa fake not\u00edcia.<br>Devemos pesquisar a conduta de cada candidato, e o car\u00e1ter . E n\u00e3o acredita nessas fakes not\u00edcias.<br>Caio n\u00e3o fez nada pela sa\u00fade de Ourinhos quando podia. Nossa cidade n\u00e3o precisa s\u00f3 de beleza, e sim o principal sa\u00fade em primeiro lugar.<br>Guilherme Gon\u00e7alvesll votou contra alguns projetos pelo bem da popula\u00e7\u00e3o. Eu tamb\u00e9m votaria contra.&#8221;<\/p>\n\n\n\n<p>&#8220;Kkkkkkkkkkk e Tarc\u00edsio t\u00e1 apoiando a esquerda ent\u00e3o se meu governador apoia o Gui eu voto no Gui&#8221;<\/p>\n<input type=\"hidden\" id=\"baseurl\" value=\"https:\/\/noticiasregionais.com.br\"><input type=\"hidden\" id=\"audio_nonce\" value=\"533fbb67b1\">","protected":false},"excerpt":{"rendered":"<p>Enquanto Caio Lima, apoiado por Kassab, com 3 minist\u00e9rios no governo Lula, \u00e9 chamado de &#8220;Direita&#8221;, Guilherme Gon\u00e7alves apoiado por&hellip;<\/p>\n","protected":false},"author":1,"featured_media":2727,"comment_status":"closed","ping_status":"open","sticky":false,"template":"","format":"standard","meta":{"sfsi_plus_gutenberg_text_before_share":"","sfsi_plus_gutenberg_show_text_before_share":"","sfsi_plus_gutenberg_icon_type":"","sfsi_plus_gutenberg_icon_alignemt":"","sfsi_plus_gutenburg_max_per_row":"","footnotes":""},"categories":[5,10,1],"tags":[],"class_list":["post-2726","post","type-post","status-publish","format-standard","has-post-thumbnail","hentry","category-ourinhos","category-destaques","category-noticias"],"_links":{"self":[{"href":"https:\/\/noticiasregionais.com.br\/index.php?rest_route=\/wp\/v2\/posts\/2726","targetHints":{"allow":["GET"]}}],"collection":[{"href":"https:\/\/noticiasregionais.com.br\/index.php?rest_route=\/wp\/v2\/posts"}],"about":[{"href":"https:\/\/noticiasregionais.com.br\/index.php?rest_route=\/wp\/v2\/types\/post"}],"author":[{"embeddable":true,"href":"https:\/\/noticiasregionais.com.br\/index.php?rest_route=\/wp\/v2\/users\/1"}],"replies":[{"embeddable":true,"href":"https:\/\/noticiasregionais.com.br\/index.php?rest_route=%2Fwp%2Fv2%2Fcomments&post=2726"}],"version-history":[{"count":1,"href":"https:\/\/noticiasregionais.com.br\/index.php?rest_route=\/wp\/v2\/posts\/2726\/revisions"}],"predecessor-version":[{"id":2728,"href":"https:\/\/noticiasregionais.com.br\/index.php?rest_route=\/wp\/v2\/posts\/2726\/revisions\/2728"}],"wp:featuredmedia":[{"embeddable":true,"href":"https:\/\/noticiasregionais.com.br\/index.php?rest_route=\/wp\/v2\/media\/2727"}],"wp:attachment":[{"href":"https:\/\/noticiasregionais.com.br\/index.php?rest_route=%2Fwp%2Fv2%2Fmedia&parent=2726"}],"wp:term":[{"taxonomy":"category","embeddable":true,"href":"https:\/\/noticiasregionais.com.br\/index.php?rest_route=%2Fwp%2Fv2%2Fcategories&post=2726"},{"taxonomy":"post_tag","embeddable":true,"href":"https:\/\/noticiasregionais.com.br\/index.php?rest_route=%2Fwp%2Fv2%2Ftags&post=2726"}],"curies":[{"name":"wp","href":"https:\/\/api.w.org\/{rel}","templated":true}]}}