{"id":2732,"date":"2024-04-30T08:15:36","date_gmt":"2024-04-30T11:15:36","guid":{"rendered":"https:\/\/noticiasregionais.com.br\/?p=2732"},"modified":"2024-05-01T11:11:35","modified_gmt":"2024-05-01T14:11:35","slug":"hoje-30-04-tem-baile-do-trabalhador-na-aeco-com-sorteio-de-uma-moto","status":"publish","type":"post","link":"https:\/\/noticiasregionais.com.br\/?p=2732","title":{"rendered":"Hoje (30\/04) tem Baile do Trabalhador na AECO com sorteio de uma moto"},"content":{"rendered":"\n<p class=\"has-text-align-center\"><strong>Al\u00e9m de concorrer a uma moto, os presentes v\u00e3o curtir um super show da Banda Marcos e Edson e tamb\u00e9m do DJ D\u00eannis Cl\u00e1udio com pulseiras a partir de 30 reais, \u00e9 imperd\u00edvel.<\/strong><\/p>\n\n\n\n<p>A Equipe Baila Comigo e a SV Eventos realizam hoje, 30 de abril, v\u00e9spera de feriado, o 3\u00ba Baile do Trabalhador. O evento ocorre no Clube da AECO, localizado na Rua Maranh\u00e3o, 425, ao lado do estacionamento do Supermercado Avenida, na Rua Duque de Caxias, pr\u00f3ximo ao centro da cidade.<\/p>\n\n\n\n<p>A abertura das portas est\u00e1 prevista para as 20h. O DJ D\u00eannis Cl\u00e1udio ser\u00e1 o respons\u00e1vel pela abertura e tocar\u00e1 o melhor da cena musical. Em seguida, haver\u00e1 um super show da Banda Marcos e Edson, trazendo forr\u00f3, sertanejo e muita m\u00fasica de qualidade.<\/p>\n\n\n\n<p>O ponto alto do Baile do Trabalhador ser\u00e1 o sorteio de uma moto. Os convites do terceiro lote est\u00e3o \u00e0 venda at\u00e9 as 12h de hoje por apenas R$ 30; ap\u00f3s esse hor\u00e1rio, o pre\u00e7o sobe para R$ 35, valor v\u00e1lido at\u00e9 as 18h. Na portaria, os ingressos custar\u00e3o R$ 40.<\/p>\n\n\n\n<p>Para mais informa\u00e7\u00f5es, ligue para os n\u00fameros (14) 99799-6611 com Bell ou (14) 99691-4718 com Silvana. Muitas mesas j\u00e1 est\u00e3o esgotadas. N\u00e3o perca essa oportunidade de curtir uma noite imperd\u00edvel ao lado de muita gente bonita, em um ambiente super agrad\u00e1vel, e ainda concorrer a uma moto incr\u00edvel.<\/p>\n\n\n\n<figure class=\"wp-block-image size-large\"><img decoding=\"async\" width=\"1024\" height=\"576\" src=\"https:\/\/noticiasregionais.com.br\/wp-content\/uploads\/2024\/04\/Baile-do-Trabalhador-1-1024x576.png\" alt=\"\" class=\"wp-image-2736\" srcset=\"https:\/\/noticiasregionais.com.br\/wp-content\/uploads\/2024\/04\/Baile-do-Trabalhador-1-1024x576.png 1024w, https:\/\/noticiasregionais.com.br\/wp-content\/uploads\/2024\/04\/Baile-do-Trabalhador-1-300x169.png 300w, https:\/\/noticiasregionais.com.br\/wp-content\/uploads\/2024\/04\/Baile-do-Trabalhador-1-768x432.png 768w, https:\/\/noticiasregionais.com.br\/wp-content\/uploads\/2024\/04\/Baile-do-Trabalhador-1.png 1280w\" sizes=\"(max-width: 1024px) 100vw, 1024px\" \/><\/figure>\n<input type=\"hidden\" id=\"baseurl\" value=\"https:\/\/noticiasregionais.com.br\"><input type=\"hidden\" id=\"audio_nonce\" value=\"533fbb67b1\">","protected":false},"excerpt":{"rendered":"<p>Al\u00e9m de concorrer a uma moto, os presentes v\u00e3o curtir um super show da Banda Marcos e Edson e tamb\u00e9m&hellip;<\/p>\n","protected":false},"author":1,"featured_media":2738,"comment_status":"closed","ping_status":"open","sticky":false,"template":"","format":"standard","meta":{"sfsi_plus_gutenberg_text_before_share":"","sfsi_plus_gutenberg_show_text_before_share":"","sfsi_plus_gutenberg_icon_type":"","sfsi_plus_gutenberg_icon_alignemt":"","sfsi_plus_gutenburg_max_per_row":"","footnotes":""},"categories":[5,1],"tags":[],"class_list":["post-2732","post","type-post","status-publish","format-standard","has-post-thumbnail","hentry","category-ourinhos","category-noticias"],"_links":{"self":[{"href":"https:\/\/noticiasregionais.com.br\/index.php?rest_route=\/wp\/v2\/posts\/2732","targetHints":{"allow":["GET"]}}],"collection":[{"href":"https:\/\/noticiasregionais.com.br\/index.php?rest_route=\/wp\/v2\/posts"}],"about":[{"href":"https:\/\/noticiasregionais.com.br\/index.php?rest_route=\/wp\/v2\/types\/post"}],"author":[{"embeddable":true,"href":"https:\/\/noticiasregionais.com.br\/index.php?rest_route=\/wp\/v2\/users\/1"}],"replies":[{"embeddable":true,"href":"https:\/\/noticiasregionais.com.br\/index.php?rest_route=%2Fwp%2Fv2%2Fcomments&post=2732"}],"version-history":[{"count":2,"href":"https:\/\/noticiasregionais.com.br\/index.php?rest_route=\/wp\/v2\/posts\/2732\/revisions"}],"predecessor-version":[{"id":2739,"href":"https:\/\/noticiasregionais.com.br\/index.php?rest_route=\/wp\/v2\/posts\/2732\/revisions\/2739"}],"wp:featuredmedia":[{"embeddable":true,"href":"https:\/\/noticiasregionais.com.br\/index.php?rest_route=\/wp\/v2\/media\/2738"}],"wp:attachment":[{"href":"https:\/\/noticiasregionais.com.br\/index.php?rest_route=%2Fwp%2Fv2%2Fmedia&parent=2732"}],"wp:term":[{"taxonomy":"category","embeddable":true,"href":"https:\/\/noticiasregionais.com.br\/index.php?rest_route=%2Fwp%2Fv2%2Fcategories&post=2732"},{"taxonomy":"post_tag","embeddable":true,"href":"https:\/\/noticiasregionais.com.br\/index.php?rest_route=%2Fwp%2Fv2%2Ftags&post=2732"}],"curies":[{"name":"wp","href":"https:\/\/api.w.org\/{rel}","templated":true}]}}