{"id":2750,"date":"2024-05-01T11:32:28","date_gmt":"2024-05-01T14:32:28","guid":{"rendered":"https:\/\/noticiasregionais.com.br\/?p=2750"},"modified":"2024-05-01T11:32:31","modified_gmt":"2024-05-01T14:32:31","slug":"superintendente-da-prf-em-sao-paulo-participa-de-seminario-nacional-sobre-trabalho-escravo","status":"publish","type":"post","link":"https:\/\/noticiasregionais.com.br\/?p=2750","title":{"rendered":"Superintendente da PRF em S\u00e3o Paulo participa de Semin\u00e1rio Nacional sobre trabalho escravo"},"content":{"rendered":"\n<p class=\"has-text-align-center\"><strong>Evento discutiu mecanismos de apura\u00e7\u00e3o e combate ao trabalho escravo no Brasil<\/strong><\/p>\n\n\n\n<p>O Superintendente da Pol\u00edcia Rodovi\u00e1ria Federal em S\u00e3o Paulo, Edson Jos\u00e9 Almeida J\u00fanior, participou na manh\u00e3 desta ter\u00e7a-feira, do Semin\u00e1rio Nacional sobre Trabalho Escravo, promovido pela Escola Judicial e pelo Comit\u00ea de Erradica\u00e7\u00e3o do Trabalho Escravo e do tr\u00e1fico de Pessoas do Tribunal Regional do Trabalho \u2013 15\u00aa Regi\u00e3o. O evento, foi realizado em Campinas e teve como objetivo discutir estrat\u00e9gias para aprimorar os mecanismos de apura\u00e7\u00e3o e combate ao trabalho escravo no pa\u00eds.<\/p>\n\n\n\n<p>Destacando a import\u00e2ncia do tema, o superintendente da PRF, em conjunto com representantes de outras institui\u00e7\u00f5es, discursou em um painel espec\u00edfico que abordou os mecanismos de apura\u00e7\u00e3o do trabalho escravo. Foram debatidas as pr\u00e1ticas mais eficazes para identificar e investigar casos de explora\u00e7\u00e3o laboral, al\u00e9m de discutir poss\u00edveis desafios e solu\u00e7\u00f5es para fortalecer a atua\u00e7\u00e3o das autoridades competentes nessa \u00e1rea.<\/p>\n\n\n\n<p>O Semin\u00e1rio Nacional sobre Trabalho Escravo \u00e9 uma iniciativa fundamental para promover o di\u00e1logo e a troca de experi\u00eancias entre diferentes \u00f3rg\u00e3os e entidades envolvidas no enfrentamento dessa grave viola\u00e7\u00e3o dos direitos humanos. A participa\u00e7\u00e3o do superintendente da PRF ressalta o compromisso da institui\u00e7\u00e3o em contribuir ativamente para a erradica\u00e7\u00e3o do trabalho escravo no Brasil. O evento contou com Desembargadores do TRT, Procuradores do Minist\u00e9rio P\u00fablico do Trabalho, do poder p\u00fablico, organiza\u00e7\u00f5es da sociedade civil, acad\u00eamicos e demais interessados na tem\u00e1tica, reafirmando a import\u00e2ncia da uni\u00e3o de esfor\u00e7os para enfrentar esse desafio complexo.<\/p>\n\n\n\n<p>A expectativa \u00e9 que as discuss\u00f5es realizadas durante o semin\u00e1rio resultem em propostas concretas e a\u00e7\u00f5es coordenadas para garantir a efetiva prote\u00e7\u00e3o dos direitos dos trabalhadores e o combate a qualquer forma de explora\u00e7\u00e3o laboral, sendo a PRF um \u00f3rg\u00e3o compromissado com essa garantia.<\/p>\n<input type=\"hidden\" id=\"baseurl\" value=\"https:\/\/noticiasregionais.com.br\"><input type=\"hidden\" id=\"audio_nonce\" value=\"533fbb67b1\">","protected":false},"excerpt":{"rendered":"<p>Evento discutiu mecanismos de apura\u00e7\u00e3o e combate ao trabalho escravo no Brasil O Superintendente da Pol\u00edcia Rodovi\u00e1ria Federal em S\u00e3o&hellip;<\/p>\n","protected":false},"author":1,"featured_media":2751,"comment_status":"closed","ping_status":"open","sticky":false,"template":"","format":"standard","meta":{"sfsi_plus_gutenberg_text_before_share":"","sfsi_plus_gutenberg_show_text_before_share":"","sfsi_plus_gutenberg_icon_type":"","sfsi_plus_gutenberg_icon_alignemt":"","sfsi_plus_gutenburg_max_per_row":"","footnotes":""},"categories":[8,10,1],"tags":[],"class_list":["post-2750","post","type-post","status-publish","format-standard","has-post-thumbnail","hentry","category-brasil","category-destaques","category-noticias"],"_links":{"self":[{"href":"https:\/\/noticiasregionais.com.br\/index.php?rest_route=\/wp\/v2\/posts\/2750","targetHints":{"allow":["GET"]}}],"collection":[{"href":"https:\/\/noticiasregionais.com.br\/index.php?rest_route=\/wp\/v2\/posts"}],"about":[{"href":"https:\/\/noticiasregionais.com.br\/index.php?rest_route=\/wp\/v2\/types\/post"}],"author":[{"embeddable":true,"href":"https:\/\/noticiasregionais.com.br\/index.php?rest_route=\/wp\/v2\/users\/1"}],"replies":[{"embeddable":true,"href":"https:\/\/noticiasregionais.com.br\/index.php?rest_route=%2Fwp%2Fv2%2Fcomments&post=2750"}],"version-history":[{"count":1,"href":"https:\/\/noticiasregionais.com.br\/index.php?rest_route=\/wp\/v2\/posts\/2750\/revisions"}],"predecessor-version":[{"id":2752,"href":"https:\/\/noticiasregionais.com.br\/index.php?rest_route=\/wp\/v2\/posts\/2750\/revisions\/2752"}],"wp:featuredmedia":[{"embeddable":true,"href":"https:\/\/noticiasregionais.com.br\/index.php?rest_route=\/wp\/v2\/media\/2751"}],"wp:attachment":[{"href":"https:\/\/noticiasregionais.com.br\/index.php?rest_route=%2Fwp%2Fv2%2Fmedia&parent=2750"}],"wp:term":[{"taxonomy":"category","embeddable":true,"href":"https:\/\/noticiasregionais.com.br\/index.php?rest_route=%2Fwp%2Fv2%2Fcategories&post=2750"},{"taxonomy":"post_tag","embeddable":true,"href":"https:\/\/noticiasregionais.com.br\/index.php?rest_route=%2Fwp%2Fv2%2Ftags&post=2750"}],"curies":[{"name":"wp","href":"https:\/\/api.w.org\/{rel}","templated":true}]}}