{"id":2753,"date":"2024-05-01T11:41:13","date_gmt":"2024-05-01T14:41:13","guid":{"rendered":"https:\/\/noticiasregionais.com.br\/?p=2753"},"modified":"2024-05-01T11:55:36","modified_gmt":"2024-05-01T14:55:36","slug":"confianca-no-setor-de-servicos-cai-para-948-e-recua-1-ponto-em-abril","status":"publish","type":"post","link":"https:\/\/noticiasregionais.com.br\/?p=2753","title":{"rendered":"Confian\u00e7a no setor de servi\u00e7os cai para 94,8 e recua 1 ponto em abril"},"content":{"rendered":"\n<p class=\"has-text-align-center\"><strong>O \u00cdndice de Expectativas (IE-S), que reflete as perspectivas para os pr\u00f3ximos meses, tamb\u00e9m caiu 1,6 ponto, atingindo 94,4 pontos<\/strong><\/p>\n\n\n\n<p>O segundo trimestre do ano iniciou com uma queda de 1,0 ponto em abril, recuando para 98.4 pontos no \u00cdndice de Confian\u00e7a de Servi\u00e7os (ICS). Os dados s\u00e3o do Instituto Brasileiro de Economia da Funda\u00e7\u00e3o Get\u00falio Vargas (Ibre\/FGV), que ainda revela que o \u00edndice apresentou uma varia\u00e7\u00e3o de -0,3 ponto no c\u00e1lculo das m\u00e9dias m\u00f3veis trimestrais.&nbsp;<\/p>\n\n\n\n<p>Na opini\u00e3o do economista Hugo Garbe, esse resultado reflete uma s\u00e9rie de fatores preocupantes no setor de servi\u00e7os.&nbsp;<\/p>\n\n\n\n<p>\u201cEsta diminui\u00e7\u00e3o na confian\u00e7a \u00e9 resultado tanto da piora nas avalia\u00e7\u00f5es sobre as condi\u00e7\u00f5es atuais, como mostra o \u00cdndice de Situa\u00e7\u00e3o Atual, quanto do decl\u00ednio nas expectativas futuras, evidenciado pelo \u00cdndice de Expectativas. Os indicadores espec\u00edficos, como o volume de demanda atual e a situa\u00e7\u00e3o dos neg\u00f3cios, ambos mostraram retra\u00e7\u00e3o, sugerindo uma percep\u00e7\u00e3o de enfraquecimento no desempenho do setor\u201d, analisa.<\/p>\n\n\n\n<p>Segundo o especialista, apesar do cen\u00e1rio macroecon\u00f4mico apresentar alguns sinais positivos, como a queda na taxa de juros e controle da infla\u00e7\u00e3o, o setor de servi\u00e7os n\u00e3o demonstra expectativa de uma forte retomada no primeiro semestre.&nbsp;<\/p>\n\n\n\n<p>\u201cEssa heterogeneidade nas expectativas entre os segmentos sugere que, enquanto algumas \u00e1reas podem ver melhoria, outras continuam a lutar contra desafios persistentes\u201d, destaca.<\/p>\n\n\n\n<p><a href=\"https:\/\/brasil61.com\/n\/fpm-saiba-o-que-sao-municipios-de-interior-e-o-criterio-de-distribuicao-para-essas-cidades-bras2411582\" target=\"_blank\" rel=\"noreferrer noopener\"><strong>FPM: saiba o que s\u00e3o munic\u00edpios de interior e o crit\u00e9rio de distribui\u00e7\u00e3o para essas cidades<\/strong><\/a><\/p>\n\n\n\n<p><a href=\"https:\/\/brasil61.com\/n\/irregularidades-em-operacoes-com-cartao-de-credito-estao-entre-as-maiores-queixas-feitas-aos-bancos-bras2411577\" target=\"_blank\" rel=\"noreferrer noopener\"><strong>Irregularidades em opera\u00e7\u00f5es com cart\u00e3o de cr\u00e9dito est\u00e3o entre as maiores queixas feitas aos bancos<\/strong><\/a><\/p>\n\n\n\n<p>Conforme levantamento da FGV, o indicador de tend\u00eancia dos neg\u00f3cios nos pr\u00f3ximos seis meses teve o maior peso na queda, com recuo de 2,5 pontos, e atingiu 94,5 pontos, enquanto o indicador de demanda prevista nos pr\u00f3ximos tr\u00eas meses retraiu 0,4 ponto, para 94,5 pontos.<\/p>\n\n\n\n<p>A economista da FVG Carla Beni explica que existem outros fatores que devem ser levados em considera\u00e7\u00e3o como os programas de renegocia\u00e7\u00f5es de d\u00edvidas. Ela observa que o setor de servi\u00e7os \u00e9 muito heterog\u00eaneo e resultados negativos podem aparecer e at\u00e9 costumam aparecer eventualmente<\/p>\n\n\n\n<p>\u201cMuitas pessoas est\u00e3o procurando hoje programas para renegociar suas d\u00edvidas. Renegociando as suas d\u00edvidas, isso da\u00ed reduz o pr\u00f3prio consumo delas e d\u00e1 uma redu\u00e7\u00e3o tamb\u00e9m na sua parte, na sua utiliza\u00e7\u00e3o de servi\u00e7os. Ent\u00e3o esse tamb\u00e9m pode ser um dos fatores que acabou reduzindo um pouco a utiliza\u00e7\u00e3o de servi\u00e7os nesse primeiro trimestre\u201d, observa.<\/p>\n\n\n\n<h2 class=\"wp-block-heading\">Expectativa para os pr\u00f3ximos meses<\/h2>\n\n\n\n<p>Segundo Carla Beni, os pr\u00f3ximos meses tamb\u00e9m projetam uma certa retra\u00e7\u00e3o, mas o pacote de microcr\u00e9dito lan\u00e7ado recentemente pretende injetar um volume de recursos importante para renegocia\u00e7\u00f5es de d\u00e9bitos de pequenas e m\u00e9dias empresas.<\/p>\n\n\n\n<p>\u201cIsso vai propiciar um novo dinamismo na economia para que at\u00e9 o final do ano voc\u00ea possa voltar a reutilizar os servi\u00e7os. E essas empresas renegociando suas d\u00edvidas e melhorando as suas atividades, poder\u00e3o tamb\u00e9m retomar a utiliza\u00e7\u00e3o de servi\u00e7os.<\/p>\n\n\n\n<p>J\u00e1 para o economista Hugo Garbe, a proje\u00e7\u00e3o \u00e9 incerta pensando nos pr\u00f3ximos meses,&nbsp;<\/p>\n\n\n\n<p>\u201cA continuidade de avalia\u00e7\u00f5es negativas sobre o momento atual e expectativas futuras pode sustentar um cen\u00e1rio negativo, com um ambiente de neg\u00f3cios mais retra\u00eddo. Embora o panorama macroecon\u00f4mico possa oferecer algum suporte, a recupera\u00e7\u00e3o da confian\u00e7a do setor parece depender de uma melhora mais uniforme e ampla em todos os segmentos do setor de servi\u00e7os\u201d, avalia.<\/p>\n\n\n\n<p>A avalia\u00e7\u00e3o do momento atual tamb\u00e9m ajudou no recuo da confian\u00e7a, com o \u00cdndice de Situa\u00e7\u00e3o Atual (ISA-S), indicador da percep\u00e7\u00e3o sobre o momento presente do setor de servi\u00e7os, recuando 0,5 ponto, a 95,4 pontos, menor n\u00edvel desde maio de 2023 (92,3 pontos).<br>&nbsp;<\/p>\n\n\n\n<p>Fonte: <a href=\"https:\/\/brasil61.com\/n\/confianca-no-setor-de-servicos-cai-para-94-8-e-recua-1-ponto-em-abril-bras2411591?email=fxmendes2012@gmail.com&amp;utm_source=newsletter&amp;utm_medium=newsletter&amp;utm_campaign=newsletter\" target=\"_blank\" rel=\"noreferrer noopener\">Brasil 61<\/a><\/p>\n<input type=\"hidden\" id=\"baseurl\" value=\"https:\/\/noticiasregionais.com.br\"><input type=\"hidden\" id=\"audio_nonce\" value=\"62e6e21d74\">","protected":false},"excerpt":{"rendered":"<p>O \u00cdndice de Expectativas (IE-S), que reflete as perspectivas para os pr\u00f3ximos meses, tamb\u00e9m caiu 1,6 ponto, atingindo 94,4 pontos&hellip;<\/p>\n","protected":false},"author":1,"featured_media":2754,"comment_status":"closed","ping_status":"open","sticky":false,"template":"","format":"standard","meta":{"sfsi_plus_gutenberg_text_before_share":"","sfsi_plus_gutenberg_show_text_before_share":"","sfsi_plus_gutenberg_icon_type":"","sfsi_plus_gutenberg_icon_alignemt":"","sfsi_plus_gutenburg_max_per_row":"","footnotes":""},"categories":[8,10,1],"tags":[],"class_list":["post-2753","post","type-post","status-publish","format-standard","has-post-thumbnail","hentry","category-brasil","category-destaques","category-noticias"],"_links":{"self":[{"href":"https:\/\/noticiasregionais.com.br\/index.php?rest_route=\/wp\/v2\/posts\/2753","targetHints":{"allow":["GET"]}}],"collection":[{"href":"https:\/\/noticiasregionais.com.br\/index.php?rest_route=\/wp\/v2\/posts"}],"about":[{"href":"https:\/\/noticiasregionais.com.br\/index.php?rest_route=\/wp\/v2\/types\/post"}],"author":[{"embeddable":true,"href":"https:\/\/noticiasregionais.com.br\/index.php?rest_route=\/wp\/v2\/users\/1"}],"replies":[{"embeddable":true,"href":"https:\/\/noticiasregionais.com.br\/index.php?rest_route=%2Fwp%2Fv2%2Fcomments&post=2753"}],"version-history":[{"count":1,"href":"https:\/\/noticiasregionais.com.br\/index.php?rest_route=\/wp\/v2\/posts\/2753\/revisions"}],"predecessor-version":[{"id":2755,"href":"https:\/\/noticiasregionais.com.br\/index.php?rest_route=\/wp\/v2\/posts\/2753\/revisions\/2755"}],"wp:featuredmedia":[{"embeddable":true,"href":"https:\/\/noticiasregionais.com.br\/index.php?rest_route=\/wp\/v2\/media\/2754"}],"wp:attachment":[{"href":"https:\/\/noticiasregionais.com.br\/index.php?rest_route=%2Fwp%2Fv2%2Fmedia&parent=2753"}],"wp:term":[{"taxonomy":"category","embeddable":true,"href":"https:\/\/noticiasregionais.com.br\/index.php?rest_route=%2Fwp%2Fv2%2Fcategories&post=2753"},{"taxonomy":"post_tag","embeddable":true,"href":"https:\/\/noticiasregionais.com.br\/index.php?rest_route=%2Fwp%2Fv2%2Ftags&post=2753"}],"curies":[{"name":"wp","href":"https:\/\/api.w.org\/{rel}","templated":true}]}}