{"id":2756,"date":"2024-05-01T11:45:05","date_gmt":"2024-05-01T14:45:05","guid":{"rendered":"https:\/\/noticiasregionais.com.br\/?p=2756"},"modified":"2024-05-01T11:45:16","modified_gmt":"2024-05-01T14:45:16","slug":"dia-do-trabalhador-desemprego-sobe-a-79-em-marco","status":"publish","type":"post","link":"https:\/\/noticiasregionais.com.br\/?p=2756","title":{"rendered":"Dia do trabalhador: desemprego sobe a 7,9% em mar\u00e7o"},"content":{"rendered":"\n<p class=\"has-text-align-center\"><strong>Pesquisa do IBGE mostra aumento de 0,5% do desemprego em rela\u00e7\u00e3o ao \u00faltimo trimestre; apesar da alta, taxa \u00e9 a menor para o per\u00edodo desde 2014. Apesar da queda na ocupa\u00e7\u00e3o, economistas apostam num ano positivo para o emprego<\/strong><\/p>\n\n\n\n<p>A taxa de desocupa\u00e7\u00e3o n Brasil, divulgada esta semana pelo IBGE, ficou em 7,9% no primeiro trimestre de 2024 \u2014 meio ponto percentual mais alta que a registrada no \u00faltimo trimestre de 2023. Apesar da alta recente na taxa de desemprego, o n\u00famero \u00e9 menor do que os 8,8% de desempregados que apareceram na pesquisa feita no mesmo per\u00edodo de 2023.&nbsp;<\/p>\n\n\n\n<p>A chamada \u201cpopula\u00e7\u00e3o desocupada\u201d foi o que puxou a alta, segundo a Pesquisa Nacional por amostra de Domic\u00edlios, a PNAD-cont\u00ednua. Essa parcela da popula\u00e7\u00e3o cresceu 6,7% em rela\u00e7\u00e3o a dezembro de 2023, contabilizando 542 mil brasileiros \u00e0 procura de trabalho. \u00c9 que entre novembro e fevereiro aumentam os postos de trabalho tempor\u00e1rios \u2014 e quando este per\u00edodo acaba, os postos tempor\u00e1rios reduzem, como explica a economista e professora da FGV, Carla Beni.&nbsp;<\/p>\n\n\n\n<p>\u201cAs f\u00e9rias de ver\u00e3o no Brasil demandam trabalhos tempor\u00e1rios e atividades de turismo que tamb\u00e9m geram um quantidade de trabalhos espec\u00edficos, mas depois desse per\u00edodo acabam sendo reduzidos.\u201d&nbsp;<br>&nbsp;<br>Em rela\u00e7\u00e3o ao mesmo per\u00edodo de 2023, o saldo \u00e9 de 808 mil pessoas a menos (-8,6%).<\/p>\n\n\n\n<p><strong>Veja tamb\u00e9m:<\/strong><\/p>\n\n\n\n<p><a href=\"https:\/\/brasil61.com\/n\/inflacao-oficial-desacelera-em-marco-de-2024-bras2411489\" target=\"_blank\" rel=\"noopener\"><u><strong>Infla\u00e7\u00e3o oficial desacelera em mar\u00e7o de 2024<\/strong><\/u><\/a><\/p>\n\n\n\n<p><strong><a href=\"https:\/\/brasil61.com\/n\/em-fevereiro-62-das-cidades-brasileiras-registraram-criacao-de-empregos-com-carteira-assinada-bras2411427\" target=\"_blank\" rel=\"noopener\">Em fevereiro, 62% das cidades brasileiras registraram cria\u00e7\u00e3o de empregos com carteira assinada<\/a><\/strong><\/p>\n\n\n\n<h2 class=\"wp-block-heading\">Menor taxa de desocupa\u00e7\u00e3o desde 2014<\/h2>\n\n\n\n<p>Na compara\u00e7\u00e3o com o \u00faltimo trimestre \u2014&nbsp;encerrado em dezembro de 2023 \u2014 a taxa de desocupa\u00e7\u00e3o registrada agora foi a menor para o per\u00edodo desde 2014. Naquele ano, a taxa de desemprego foi de 7,2%.&nbsp;<\/p>\n\n\n\n<p>O economista chefe da An\u00e1lise Econ\u00f4mica, Andre Galhardo, explica que boa parte desta evolu\u00e7\u00e3o pode ser explicada pela for\u00e7a do setor de servi\u00e7os, que continua sendo o que mais emprega no Brasil, mas tamb\u00e9m a for\u00e7a adicional de outros setores.&nbsp;<\/p>\n\n\n\n<p>\u201cA ind\u00fastria gerou um volume positivo um n\u00famero bem razo\u00e1vel de vagas de trabalho no m\u00eas de mar\u00e7o, segundo dados do Caged. A gente tem tamb\u00e9m a for\u00e7a do com\u00e9rcio varejista. A economia brasileira vive um bom momento neste primeiro trimestre de 2024 \u2014 e isso tem fortalecido o mercado de trabalho.&nbsp;<\/p>\n\n\n\n<p>A pesquisa mostra ainda que, apesar da redu\u00e7\u00e3o da popula\u00e7\u00e3o ocupada, o n\u00famero de trabalhadores com carteira assinada n\u00e3o variou de forma significativa na compara\u00e7\u00e3o com o trimestre m\u00f3vel anterior \u2014 permanecendo em 38 milh\u00f5es. N\u00famero que representa uma alta de 3,5% em rela\u00e7\u00e3o ao mesmo per\u00edodo do ano passado.<\/p>\n\n\n\n<h2 class=\"wp-block-heading\">Renda real maior&nbsp;<\/h2>\n\n\n\n<p>Para a professora Carla Beni, o item mais relevante da pesquisa \u00e9 o rendimento m\u00e9dio mensal real \u2014 j\u00e1 que o \u2018real\u2019 trata-se de um ganho acima da infla\u00e7\u00e3o. A massa de rendimentos bateu seu recorde na s\u00e9rie hist\u00f3rica que come\u00e7ou em 2012 \u2014 R$ 308,3 bilh\u00f5es. O valor representa o montante que os trabalhadores ocupados recebem para movimentar a economia.&nbsp;<\/p>\n\n\n\n<p>Na m\u00e9dia dos tr\u00eas primeiros meses deste ano, o rendimento m\u00e9dio do trabalhador chegou a R$ 3.123 \u2014 alta de 1,5% entre trimestres seguidos e 4% em rela\u00e7\u00e3o ao primeiro trimestre de 2023.<\/p>\n\n\n\n<p>\u201cIsso \u00e9 algo muito importante porque voc\u00ea tem um aumento da massa salarial e do rendimento em todos os trabalhos. Esse ponto s\u00f3 foi poss\u00edvel por conta do retorno da recupera\u00e7\u00e3o do aumento do sal\u00e1rio m\u00ednimo, com regaste do PIB na f\u00f3rmula.\u201d&nbsp;<\/p>\n\n\n\n<p>A corre\u00e7\u00e3o do sal\u00e1rio m\u00ednimo \u2014&nbsp;agora com aumento real \u2014&nbsp;aumenta a perspectiva econ\u00f4mica para o trabalhador, o que \u00e9 visto como positivo pela economista.<\/p>\n\n\n\n<p>\u201cO mercado de trabalho mais aquecido gera mais consumo.&nbsp;E&nbsp;o consumo \u00e9 um dos vetores de crescimento da atividade econ\u00f4mica em 2024. \u00c9 um bom term\u00f4metro que indica que a economia brasileira tem um crescimento mais s\u00f3lido e mais disseminado no primeiro trimestre de 2024 do que no mesmo per\u00edodo de 2023\u201d, avalia Andr\u00e9 Galhardo.&nbsp;<br>&nbsp;<\/p>\n\n\n\n<p>Fonte: <a href=\"https:\/\/brasil61.com\/n\/dia-do-trabalhador-desemprego-sobe-a-7-9-em-marco-bras2411601\" target=\"_blank\" rel=\"noreferrer noopener\">Brasil 61<\/a><\/p>\n<input type=\"hidden\" id=\"baseurl\" value=\"https:\/\/noticiasregionais.com.br\"><input type=\"hidden\" id=\"audio_nonce\" value=\"533fbb67b1\">","protected":false},"excerpt":{"rendered":"<p>Pesquisa do IBGE mostra aumento de 0,5% do desemprego em rela\u00e7\u00e3o ao \u00faltimo trimestre; apesar da alta, taxa \u00e9 a&hellip;<\/p>\n","protected":false},"author":1,"featured_media":2757,"comment_status":"closed","ping_status":"open","sticky":false,"template":"","format":"standard","meta":{"sfsi_plus_gutenberg_text_before_share":"","sfsi_plus_gutenberg_show_text_before_share":"","sfsi_plus_gutenberg_icon_type":"","sfsi_plus_gutenberg_icon_alignemt":"","sfsi_plus_gutenburg_max_per_row":"","footnotes":""},"categories":[8,10,1],"tags":[],"class_list":["post-2756","post","type-post","status-publish","format-standard","has-post-thumbnail","hentry","category-brasil","category-destaques","category-noticias"],"_links":{"self":[{"href":"https:\/\/noticiasregionais.com.br\/index.php?rest_route=\/wp\/v2\/posts\/2756","targetHints":{"allow":["GET"]}}],"collection":[{"href":"https:\/\/noticiasregionais.com.br\/index.php?rest_route=\/wp\/v2\/posts"}],"about":[{"href":"https:\/\/noticiasregionais.com.br\/index.php?rest_route=\/wp\/v2\/types\/post"}],"author":[{"embeddable":true,"href":"https:\/\/noticiasregionais.com.br\/index.php?rest_route=\/wp\/v2\/users\/1"}],"replies":[{"embeddable":true,"href":"https:\/\/noticiasregionais.com.br\/index.php?rest_route=%2Fwp%2Fv2%2Fcomments&post=2756"}],"version-history":[{"count":1,"href":"https:\/\/noticiasregionais.com.br\/index.php?rest_route=\/wp\/v2\/posts\/2756\/revisions"}],"predecessor-version":[{"id":2758,"href":"https:\/\/noticiasregionais.com.br\/index.php?rest_route=\/wp\/v2\/posts\/2756\/revisions\/2758"}],"wp:featuredmedia":[{"embeddable":true,"href":"https:\/\/noticiasregionais.com.br\/index.php?rest_route=\/wp\/v2\/media\/2757"}],"wp:attachment":[{"href":"https:\/\/noticiasregionais.com.br\/index.php?rest_route=%2Fwp%2Fv2%2Fmedia&parent=2756"}],"wp:term":[{"taxonomy":"category","embeddable":true,"href":"https:\/\/noticiasregionais.com.br\/index.php?rest_route=%2Fwp%2Fv2%2Fcategories&post=2756"},{"taxonomy":"post_tag","embeddable":true,"href":"https:\/\/noticiasregionais.com.br\/index.php?rest_route=%2Fwp%2Fv2%2Ftags&post=2756"}],"curies":[{"name":"wp","href":"https:\/\/api.w.org\/{rel}","templated":true}]}}