{"id":2760,"date":"2024-05-01T11:53:47","date_gmt":"2024-05-01T14:53:47","guid":{"rendered":"https:\/\/noticiasregionais.com.br\/?p=2760"},"modified":"2024-05-01T11:59:54","modified_gmt":"2024-05-01T14:59:54","slug":"traficante-e-foragido-por-homicidio-sao-capturados-em-ribeirao-do-pinhal","status":"publish","type":"post","link":"https:\/\/noticiasregionais.com.br\/?p=2760","title":{"rendered":"Traficante e foragido por homic\u00eddio s\u00e3o capturados em Ribeir\u00e3o do Pinhal"},"content":{"rendered":"\n<p>Uma a\u00e7\u00e3o conjunta da Pol\u00edcia Militar resultou na pris\u00e3o de uma traficante e na captura de um foragido por homic\u00eddio na noite de 28\/04, no Jardim Bandeirantes.<\/p>\n\n\n\n<p>Ap\u00f3s receberem diversas den\u00fancias de que uma resid\u00eancia na Rua Francisco Corales estaria sendo utilizada como ponto de venda de drogas, os policiais militares intensificaram o patrulhamento na regi\u00e3o.<\/p>\n\n\n\n<p>Na noite de Domingo, por volta das 22h50, os policiais presenciaram um indiv\u00edduo comprando um pino de coca\u00edna da mulher em frente \u00e0 casa suspeita. Ao perceber a aproxima\u00e7\u00e3o da viatura, o comprador jogou o entorpecente fora e ambos foram abordados.<\/p>\n\n\n\n<p>Durante a revista pessoal do comprador, os policiais encontraram uma pequena quantidade de maconha, o que resultou em sua deten\u00e7\u00e3o para a confec\u00e7\u00e3o de um Termo Circunstanciado. J\u00e1 a mulher foi presa em flagrante por tr\u00e1fico de drogas.<\/p>\n\n\n\n<p>Na sequ\u00eancia, os policiais realizaram uma busca minuciosa na resid\u00eancia e localizaram uma grande quantidade de pinos de coca\u00edna prontos para a venda, al\u00e9m de dinheiro proveniente do tr\u00e1fico.<\/p>\n\n\n\n<p>Ainda durante as buscas, um homem escondido atr\u00e1s de uma porta foi encontrado. Ao verificar seus antecedentes, os policiais constataram que ele estava foragido da justi\u00e7a por um crime de homic\u00eddio qualificado.<\/p>\n\n\n\n<p>Diante do exposto, a mulher foi presa por tr\u00e1fico de drogas e o foragido foi encaminhado ao sistema prisional. O detido por porte de drogas responder\u00e1 ao crime em liberdade.<\/p>\n\n\n\n<p><strong>A\u00e7\u00e3o da Pol\u00edcia Militar demonstra compromisso com o combate ao crime e \u00e0 seguran\u00e7a da popula\u00e7\u00e3o.<\/strong><\/p>\n\n\n\n<p><strong>Informa\u00e7\u00f5es adicionais:<\/strong><\/p>\n\n\n\n<ul class=\"wp-block-list\">\n<li><strong>Local:<\/strong> Rua Francisco Corales, Jardim Bandeirantes<\/li>\n\n\n\n<li><strong>Data:<\/strong> 28 de abril de 2024<\/li>\n\n\n\n<li><strong>Hor\u00e1rio:<\/strong> 22h50min<\/li>\n\n\n\n<li><strong>Objetos apreendidos:<\/strong>\n<ul class=\"wp-block-list\">\n<li>Coca\u00edna em pinos<\/li>\n\n\n\n<li>Dinheiro proveniente do tr\u00e1fico de drogas<\/li>\n<\/ul>\n<\/li>\n<\/ul>\n<input type=\"hidden\" id=\"baseurl\" value=\"https:\/\/noticiasregionais.com.br\"><input type=\"hidden\" id=\"audio_nonce\" value=\"533fbb67b1\">","protected":false},"excerpt":{"rendered":"<p>Uma a\u00e7\u00e3o conjunta da Pol\u00edcia Militar resultou na pris\u00e3o de uma traficante e na captura de um foragido por homic\u00eddio&hellip;<\/p>\n","protected":false},"author":1,"featured_media":2761,"comment_status":"closed","ping_status":"open","sticky":false,"template":"","format":"standard","meta":{"sfsi_plus_gutenberg_text_before_share":"","sfsi_plus_gutenberg_show_text_before_share":"","sfsi_plus_gutenberg_icon_type":"","sfsi_plus_gutenberg_icon_alignemt":"","sfsi_plus_gutenburg_max_per_row":"","footnotes":""},"categories":[12,1,7],"tags":[],"class_list":["post-2760","post","type-post","status-publish","format-standard","has-post-thumbnail","hentry","category-capa","category-noticias","category-parana"],"_links":{"self":[{"href":"https:\/\/noticiasregionais.com.br\/index.php?rest_route=\/wp\/v2\/posts\/2760","targetHints":{"allow":["GET"]}}],"collection":[{"href":"https:\/\/noticiasregionais.com.br\/index.php?rest_route=\/wp\/v2\/posts"}],"about":[{"href":"https:\/\/noticiasregionais.com.br\/index.php?rest_route=\/wp\/v2\/types\/post"}],"author":[{"embeddable":true,"href":"https:\/\/noticiasregionais.com.br\/index.php?rest_route=\/wp\/v2\/users\/1"}],"replies":[{"embeddable":true,"href":"https:\/\/noticiasregionais.com.br\/index.php?rest_route=%2Fwp%2Fv2%2Fcomments&post=2760"}],"version-history":[{"count":2,"href":"https:\/\/noticiasregionais.com.br\/index.php?rest_route=\/wp\/v2\/posts\/2760\/revisions"}],"predecessor-version":[{"id":2764,"href":"https:\/\/noticiasregionais.com.br\/index.php?rest_route=\/wp\/v2\/posts\/2760\/revisions\/2764"}],"wp:featuredmedia":[{"embeddable":true,"href":"https:\/\/noticiasregionais.com.br\/index.php?rest_route=\/wp\/v2\/media\/2761"}],"wp:attachment":[{"href":"https:\/\/noticiasregionais.com.br\/index.php?rest_route=%2Fwp%2Fv2%2Fmedia&parent=2760"}],"wp:term":[{"taxonomy":"category","embeddable":true,"href":"https:\/\/noticiasregionais.com.br\/index.php?rest_route=%2Fwp%2Fv2%2Fcategories&post=2760"},{"taxonomy":"post_tag","embeddable":true,"href":"https:\/\/noticiasregionais.com.br\/index.php?rest_route=%2Fwp%2Fv2%2Ftags&post=2760"}],"curies":[{"name":"wp","href":"https:\/\/api.w.org\/{rel}","templated":true}]}}