{"id":2772,"date":"2024-05-02T10:54:03","date_gmt":"2024-05-02T13:54:03","guid":{"rendered":"https:\/\/noticiasregionais.com.br\/?p=2772"},"modified":"2024-05-02T10:54:15","modified_gmt":"2024-05-02T13:54:15","slug":"operacao-em-carlopolis-pr-resulta-na-apreensao-de-60kg-de-maconha-e-na-prisao-de-3-suspeitos","status":"publish","type":"post","link":"https:\/\/noticiasregionais.com.br\/?p=2772","title":{"rendered":"Opera\u00e7\u00e3o em Carl\u00f3polis\/PR Resulta na Apreens\u00e3o de 60kg de Maconha e na pris\u00e3o de 3 Suspeitos"},"content":{"rendered":"\n<p class=\"has-text-align-center\"><strong>A\u00e7\u00e3o r\u00e1pida e coordenada das for\u00e7as de seguran\u00e7a impede distribui\u00e7\u00e3o de drogas na regi\u00e3o e leva \u00e0 pris\u00e3o de tr\u00eas envolvidos.<\/strong><\/p>\n\n\n\n<p>Na tarde desta quarta-feira, uma opera\u00e7\u00e3o conjunta entre a Pol\u00edcia Militar do Paran\u00e1 e a Pol\u00edcia Rodovi\u00e1ria Federal resultou na apreens\u00e3o de cerca de 60 quilos de maconha e na pris\u00e3o de tr\u00eas indiv\u00edduos na Rodovia PR 151, em Carl\u00f3polis\/PR.<\/p>\n\n\n\n<p>O incidente teve in\u00edcio \u00e0s 18h30, quando informa\u00e7\u00f5es foram recebidas sobre um ve\u00edculo Fiat Mobi que tentou fugir da abordagem da Pol\u00edcia Rodovi\u00e1ria Federal. O carro foi encontrado abandonado pouco tempo depois. Ao investigar o ve\u00edculo, a pol\u00edcia descobriu aproximadamente 60kg de maconha em seu interior. O condutor, no entanto, conseguiu fugir do local.<\/p>\n\n\n\n<p>As investiga\u00e7\u00f5es n\u00e3o pararam por a\u00ed. A pol\u00edcia recebeu novas pistas sobre um segundo ve\u00edculo envolvido, um VW\/Gol branco, que foi rapidamente localizado transitando pela PR 151, pr\u00f3ximo ao Bairro 3 Cora\u00e7\u00f5es. Um acompanhamento t\u00e1tico foi iniciado e culminou com a abordagem do ve\u00edculo nas proximidades do bairro \u00c1gua Grande.<\/p>\n\n\n\n<p>Dentro do VW\/Gol, os oficiais encontraram tr\u00eas ocupantes, incluindo o fugitivo que havia abandonado o Fiat Mobi. Surpreendentemente, um dos detidos estava com um mandado de pris\u00e3o em aberto, expedido pela Justi\u00e7a do Estado de S\u00e3o Paulo.<\/p>\n\n\n\n<p>Os tr\u00eas homens foram detidos e encaminhados \u00e0 Delegacia de Pol\u00edcia de Joaquim T\u00e1vora\/PR, juntamente com os entorpecentes e os ve\u00edculos envolvidos no caso.<\/p>\n\n\n\n<p>Esta opera\u00e7\u00e3o destaca o eficaz trabalho colaborativo das for\u00e7as policiais na regi\u00e3o e representa um duro golpe contra o tr\u00e1fico de drogas no norte do Paran\u00e1. A investiga\u00e7\u00e3o continua para identificar outros poss\u00edveis envolvidos no esquema.<\/p>\n<input type=\"hidden\" id=\"baseurl\" value=\"https:\/\/noticiasregionais.com.br\"><input type=\"hidden\" id=\"audio_nonce\" value=\"533fbb67b1\">","protected":false},"excerpt":{"rendered":"<p>A\u00e7\u00e3o r\u00e1pida e coordenada das for\u00e7as de seguran\u00e7a impede distribui\u00e7\u00e3o de drogas na regi\u00e3o e leva \u00e0 pris\u00e3o de tr\u00eas&hellip;<\/p>\n","protected":false},"author":1,"featured_media":2773,"comment_status":"closed","ping_status":"open","sticky":false,"template":"","format":"standard","meta":{"sfsi_plus_gutenberg_text_before_share":"","sfsi_plus_gutenberg_show_text_before_share":"","sfsi_plus_gutenberg_icon_type":"","sfsi_plus_gutenberg_icon_alignemt":"","sfsi_plus_gutenburg_max_per_row":"","footnotes":""},"categories":[7,12,1],"tags":[],"class_list":["post-2772","post","type-post","status-publish","format-standard","has-post-thumbnail","hentry","category-parana","category-capa","category-noticias"],"_links":{"self":[{"href":"https:\/\/noticiasregionais.com.br\/index.php?rest_route=\/wp\/v2\/posts\/2772","targetHints":{"allow":["GET"]}}],"collection":[{"href":"https:\/\/noticiasregionais.com.br\/index.php?rest_route=\/wp\/v2\/posts"}],"about":[{"href":"https:\/\/noticiasregionais.com.br\/index.php?rest_route=\/wp\/v2\/types\/post"}],"author":[{"embeddable":true,"href":"https:\/\/noticiasregionais.com.br\/index.php?rest_route=\/wp\/v2\/users\/1"}],"replies":[{"embeddable":true,"href":"https:\/\/noticiasregionais.com.br\/index.php?rest_route=%2Fwp%2Fv2%2Fcomments&post=2772"}],"version-history":[{"count":1,"href":"https:\/\/noticiasregionais.com.br\/index.php?rest_route=\/wp\/v2\/posts\/2772\/revisions"}],"predecessor-version":[{"id":2774,"href":"https:\/\/noticiasregionais.com.br\/index.php?rest_route=\/wp\/v2\/posts\/2772\/revisions\/2774"}],"wp:featuredmedia":[{"embeddable":true,"href":"https:\/\/noticiasregionais.com.br\/index.php?rest_route=\/wp\/v2\/media\/2773"}],"wp:attachment":[{"href":"https:\/\/noticiasregionais.com.br\/index.php?rest_route=%2Fwp%2Fv2%2Fmedia&parent=2772"}],"wp:term":[{"taxonomy":"category","embeddable":true,"href":"https:\/\/noticiasregionais.com.br\/index.php?rest_route=%2Fwp%2Fv2%2Fcategories&post=2772"},{"taxonomy":"post_tag","embeddable":true,"href":"https:\/\/noticiasregionais.com.br\/index.php?rest_route=%2Fwp%2Fv2%2Ftags&post=2772"}],"curies":[{"name":"wp","href":"https:\/\/api.w.org\/{rel}","templated":true}]}}