{"id":2778,"date":"2024-05-03T06:59:30","date_gmt":"2024-05-03T09:59:30","guid":{"rendered":"https:\/\/noticiasregionais.com.br\/?p=2778"},"modified":"2024-05-03T08:34:03","modified_gmt":"2024-05-03T11:34:03","slug":"pre-detem-homem-de-42-anos-que-transportava-droga-em-carro-usando-mulher-e-crianca-como-disfarce","status":"publish","type":"post","link":"https:\/\/noticiasregionais.com.br\/?p=2778","title":{"rendered":"PRE det\u00eam homem de 42 anos que transportava droga em carro usando mulher e crian\u00e7a como disfarce"},"content":{"rendered":"\n<p>Uma opera\u00e7\u00e3o de rotina na madrugada desta quinta-feira, 03 de maio, resultou na pris\u00e3o de um homem de 42 anos por tr\u00e1fico de drogas na Rodovia Raposo Tavares, regi\u00e3o de Palmital, no interior de S\u00e3o Paulo. A a\u00e7\u00e3o policial, parte da \u201cOpera\u00e7\u00e3o Impacto\u201d, ocorreu especificamente no quil\u00f4metro 413,400 da rodovia SP-270.<\/p>\n\n\n\n<p>Durante a opera\u00e7\u00e3o, os agentes do 2\u00b0 Batalh\u00e3o de Pol\u00edcia Rodovi\u00e1ria (BPRv) decidiram abordar um Fiat Palio ELX de cor azul, ap\u00f3s suspeitarem do comportamento do motorista. No carro tamb\u00e9m estavam uma mulher de 32 anos e uma crian\u00e7a de um ano e nove meses, identificados posteriormente como esposa e filho do condutor.<\/p>\n\n\n\n<p>A suspeita dos policiais aumentou devido ao nervosismo e \u00e0s respostas desconexas do motorista sobre os detalhes da viagem. Isso levou a uma revista detalhada do ve\u00edculo, resultando na descoberta de dois fardos de maconha escondidos no porta-malas. No total, foram apreendidos 80 tabletes da droga, pesando 39,830 quilogramas.<\/p>\n\n\n\n<p>O suspeito foi preso em flagrante e encaminhado para a Cadeia P\u00fablica de Lut\u00e9cia, onde aguardar\u00e1 julgamento. A mulher, que foi ouvida pela pol\u00edcia, foi liberada juntamente com a crian\u00e7a.<\/p>\n\n\n\n<p>A ocorr\u00eancia foi registrada e est\u00e1 sendo tratada pela Central de Pol\u00edcia Judici\u00e1ria de Assis, que continuar\u00e1 com as investiga\u00e7\u00f5es para determinar a origem e o destino da droga apreendida.<\/p>\n\n\n\n<p>Este incidente levanta quest\u00f5es sobre o uso de ve\u00edculos familiares para o transporte de subst\u00e2ncias il\u00edcitas e a complexidade dos desafios enfrentados pelas for\u00e7as policiais na luta contra o tr\u00e1fico de drogas nas rodovias do estado. As autoridades reiteram a import\u00e2ncia das opera\u00e7\u00f5es de rotina na manuten\u00e7\u00e3o da seguran\u00e7a e na preven\u00e7\u00e3o de atividades criminosas nas estradas.<\/p>\n\n\n\n<figure class=\"wp-block-image size-large\"><img decoding=\"async\" width=\"1024\" height=\"768\" src=\"https:\/\/noticiasregionais.com.br\/wp-content\/uploads\/2024\/05\/WhatsApp-Image-2024-05-03-at-06.33.31-1024x768.jpeg\" alt=\"\" class=\"wp-image-2780\" srcset=\"https:\/\/noticiasregionais.com.br\/wp-content\/uploads\/2024\/05\/WhatsApp-Image-2024-05-03-at-06.33.31-1024x768.jpeg 1024w, https:\/\/noticiasregionais.com.br\/wp-content\/uploads\/2024\/05\/WhatsApp-Image-2024-05-03-at-06.33.31-300x225.jpeg 300w, https:\/\/noticiasregionais.com.br\/wp-content\/uploads\/2024\/05\/WhatsApp-Image-2024-05-03-at-06.33.31-768x576.jpeg 768w, https:\/\/noticiasregionais.com.br\/wp-content\/uploads\/2024\/05\/WhatsApp-Image-2024-05-03-at-06.33.31-1536x1152.jpeg 1536w, https:\/\/noticiasregionais.com.br\/wp-content\/uploads\/2024\/05\/WhatsApp-Image-2024-05-03-at-06.33.31.jpeg 1600w\" sizes=\"(max-width: 1024px) 100vw, 1024px\" \/><\/figure>\n<input type=\"hidden\" id=\"baseurl\" value=\"https:\/\/noticiasregionais.com.br\"><input type=\"hidden\" id=\"audio_nonce\" value=\"533fbb67b1\">","protected":false},"excerpt":{"rendered":"<p>Uma opera\u00e7\u00e3o de rotina na madrugada desta quinta-feira, 03 de maio, resultou na pris\u00e3o de um homem de 42 anos&hellip;<\/p>\n","protected":false},"author":1,"featured_media":2779,"comment_status":"closed","ping_status":"open","sticky":false,"template":"","format":"standard","meta":{"sfsi_plus_gutenberg_text_before_share":"","sfsi_plus_gutenberg_show_text_before_share":"","sfsi_plus_gutenberg_icon_type":"","sfsi_plus_gutenberg_icon_alignemt":"","sfsi_plus_gutenburg_max_per_row":"","footnotes":""},"categories":[6,10,1],"tags":[],"class_list":["post-2778","post","type-post","status-publish","format-standard","has-post-thumbnail","hentry","category-sao_paulo","category-destaques","category-noticias"],"_links":{"self":[{"href":"https:\/\/noticiasregionais.com.br\/index.php?rest_route=\/wp\/v2\/posts\/2778","targetHints":{"allow":["GET"]}}],"collection":[{"href":"https:\/\/noticiasregionais.com.br\/index.php?rest_route=\/wp\/v2\/posts"}],"about":[{"href":"https:\/\/noticiasregionais.com.br\/index.php?rest_route=\/wp\/v2\/types\/post"}],"author":[{"embeddable":true,"href":"https:\/\/noticiasregionais.com.br\/index.php?rest_route=\/wp\/v2\/users\/1"}],"replies":[{"embeddable":true,"href":"https:\/\/noticiasregionais.com.br\/index.php?rest_route=%2Fwp%2Fv2%2Fcomments&post=2778"}],"version-history":[{"count":1,"href":"https:\/\/noticiasregionais.com.br\/index.php?rest_route=\/wp\/v2\/posts\/2778\/revisions"}],"predecessor-version":[{"id":2781,"href":"https:\/\/noticiasregionais.com.br\/index.php?rest_route=\/wp\/v2\/posts\/2778\/revisions\/2781"}],"wp:featuredmedia":[{"embeddable":true,"href":"https:\/\/noticiasregionais.com.br\/index.php?rest_route=\/wp\/v2\/media\/2779"}],"wp:attachment":[{"href":"https:\/\/noticiasregionais.com.br\/index.php?rest_route=%2Fwp%2Fv2%2Fmedia&parent=2778"}],"wp:term":[{"taxonomy":"category","embeddable":true,"href":"https:\/\/noticiasregionais.com.br\/index.php?rest_route=%2Fwp%2Fv2%2Fcategories&post=2778"},{"taxonomy":"post_tag","embeddable":true,"href":"https:\/\/noticiasregionais.com.br\/index.php?rest_route=%2Fwp%2Fv2%2Ftags&post=2778"}],"curies":[{"name":"wp","href":"https:\/\/api.w.org\/{rel}","templated":true}]}}