{"id":2785,"date":"2024-05-03T08:32:23","date_gmt":"2024-05-03T11:32:23","guid":{"rendered":"https:\/\/noticiasregionais.com.br\/?p=2785"},"modified":"2024-05-03T09:02:08","modified_gmt":"2024-05-03T12:02:08","slug":"com-636-casos-confirmados-de-dengue-em-2024-ourinhos-nao-recebera-vacina-contra-a-doenca","status":"publish","type":"post","link":"https:\/\/noticiasregionais.com.br\/?p=2785","title":{"rendered":"Com 864 casos confirmados de Dengue em 2024, Ourinhos n\u00e3o receber\u00e1 vacina contra a doen\u00e7a"},"content":{"rendered":"\n<p class=\"has-text-align-center\"><strong>Com mais de 2402 notifica\u00e7\u00f5es, Minist\u00e9rio da Sa\u00fade alega baixa incid\u00eancia e n\u00e3o inclui Ourinhos na lista de munic\u00edpios que receber\u00e3o vacina<\/strong><\/p>\n\n\n\n<p>O Minist\u00e9rio da Sa\u00fade divulgou na \u00faltima semana a lista de munic\u00edpios que ser\u00e3o contemplados com a vacina contra a dengue. Novamente o \u00f3rg\u00e3o federal priorizou regi\u00f5es paulistas que est\u00e3o com uma alta incid\u00eancia de casos da doen\u00e7a. Como Ourinhos n\u00e3o apresenta uma situa\u00e7\u00e3o de risco elevado em rela\u00e7\u00e3o \u00e0 dengue, a cidade n\u00e3o foi inclu\u00edda na lista para receber o imunizante.<\/p>\n\n\n\n<p>A distribui\u00e7\u00e3o das doses da vacina contra a dengue pelo Minist\u00e9rio da Sa\u00fade foi determinada com base em tr\u00eas crit\u00e9rios principais: ranqueamento das regi\u00f5es de sa\u00fade e munic\u00edpios; quantitativo necess\u00e1rio de doses conforme a disponibilidade (prevista pelo fabricante); c\u00e1lculo do total de doses a serem entregues em uma \u00fanica remessa ao munic\u00edpio.<\/p>\n\n\n\n<p>Ourinhos integra o Grupo de Vigil\u00e2ncia Epidemiol\u00f3gica da Regi\u00e3o de Assis, que contempla 25 munic\u00edpios, os quais n\u00e3o foram inclu\u00eddos nesta segunda remessa de vacinas do Minist\u00e9rio da Sa\u00fade.<\/p>\n\n\n\n<p>Embora Ourinhos n\u00e3o esteja na lista para receber a vacina contra a dengue neste momento, \u00e9 importante destacar que Ourinhos continua investindo em a\u00e7\u00f5es preventivas, como campanhas de conscientiza\u00e7\u00e3o, elimina\u00e7\u00e3o de criadouros do mosquito transmissor, por meio de visitas as resid\u00eancias feitas pelos agentes de endemias, trabalho de nebuliza\u00e7\u00e3o e monitoramento constante da situa\u00e7\u00e3o epidemiol\u00f3gica.<\/p>\n\n\n\n<figure class=\"wp-block-image size-large\"><img decoding=\"async\" width=\"1024\" height=\"327\" src=\"https:\/\/noticiasregionais.com.br\/wp-content\/uploads\/2024\/05\/Estatisticas-1-1024x327.png\" alt=\"\" class=\"wp-image-2792\" srcset=\"https:\/\/noticiasregionais.com.br\/wp-content\/uploads\/2024\/05\/Estatisticas-1-1024x327.png 1024w, https:\/\/noticiasregionais.com.br\/wp-content\/uploads\/2024\/05\/Estatisticas-1-300x96.png 300w, https:\/\/noticiasregionais.com.br\/wp-content\/uploads\/2024\/05\/Estatisticas-1-768x245.png 768w, https:\/\/noticiasregionais.com.br\/wp-content\/uploads\/2024\/05\/Estatisticas-1.png 1341w\" sizes=\"(max-width: 1024px) 100vw, 1024px\" \/><\/figure>\n<input type=\"hidden\" id=\"baseurl\" value=\"https:\/\/noticiasregionais.com.br\"><input type=\"hidden\" id=\"audio_nonce\" value=\"533fbb67b1\">","protected":false},"excerpt":{"rendered":"<p>Com mais de 2402 notifica\u00e7\u00f5es, Minist\u00e9rio da Sa\u00fade alega baixa incid\u00eancia e n\u00e3o inclui Ourinhos na lista de munic\u00edpios que&hellip;<\/p>\n","protected":false},"author":1,"featured_media":2786,"comment_status":"closed","ping_status":"open","sticky":false,"template":"","format":"standard","meta":{"sfsi_plus_gutenberg_text_before_share":"","sfsi_plus_gutenberg_show_text_before_share":"","sfsi_plus_gutenberg_icon_type":"","sfsi_plus_gutenberg_icon_alignemt":"","sfsi_plus_gutenburg_max_per_row":"","footnotes":""},"categories":[5,12,1],"tags":[],"class_list":["post-2785","post","type-post","status-publish","format-standard","has-post-thumbnail","hentry","category-ourinhos","category-capa","category-noticias"],"_links":{"self":[{"href":"https:\/\/noticiasregionais.com.br\/index.php?rest_route=\/wp\/v2\/posts\/2785","targetHints":{"allow":["GET"]}}],"collection":[{"href":"https:\/\/noticiasregionais.com.br\/index.php?rest_route=\/wp\/v2\/posts"}],"about":[{"href":"https:\/\/noticiasregionais.com.br\/index.php?rest_route=\/wp\/v2\/types\/post"}],"author":[{"embeddable":true,"href":"https:\/\/noticiasregionais.com.br\/index.php?rest_route=\/wp\/v2\/users\/1"}],"replies":[{"embeddable":true,"href":"https:\/\/noticiasregionais.com.br\/index.php?rest_route=%2Fwp%2Fv2%2Fcomments&post=2785"}],"version-history":[{"count":4,"href":"https:\/\/noticiasregionais.com.br\/index.php?rest_route=\/wp\/v2\/posts\/2785\/revisions"}],"predecessor-version":[{"id":2793,"href":"https:\/\/noticiasregionais.com.br\/index.php?rest_route=\/wp\/v2\/posts\/2785\/revisions\/2793"}],"wp:featuredmedia":[{"embeddable":true,"href":"https:\/\/noticiasregionais.com.br\/index.php?rest_route=\/wp\/v2\/media\/2786"}],"wp:attachment":[{"href":"https:\/\/noticiasregionais.com.br\/index.php?rest_route=%2Fwp%2Fv2%2Fmedia&parent=2785"}],"wp:term":[{"taxonomy":"category","embeddable":true,"href":"https:\/\/noticiasregionais.com.br\/index.php?rest_route=%2Fwp%2Fv2%2Fcategories&post=2785"},{"taxonomy":"post_tag","embeddable":true,"href":"https:\/\/noticiasregionais.com.br\/index.php?rest_route=%2Fwp%2Fv2%2Ftags&post=2785"}],"curies":[{"name":"wp","href":"https:\/\/api.w.org\/{rel}","templated":true}]}}