{"id":2794,"date":"2024-05-03T09:27:14","date_gmt":"2024-05-03T12:27:14","guid":{"rendered":"https:\/\/noticiasregionais.com.br\/?p=2794"},"modified":"2024-05-03T09:27:26","modified_gmt":"2024-05-03T12:27:26","slug":"prf-apreende-passageira-de-onibus-transportando-haxixe-em-ourinhos-sp","status":"publish","type":"post","link":"https:\/\/noticiasregionais.com.br\/?p=2794","title":{"rendered":"PRF apreende passageira de \u00f4nibus transportando haxixe em Ourinhos-SP"},"content":{"rendered":"\n<p class=\"has-text-align-center\"><strong>A mulher pensou que estava levando ervas de ch\u00e1 para um primo.<\/strong><\/p>\n\n\n\n<p>Na madrugada desta sexta-feira (03), a PRF apreendeu 9,5 quilos de haxixe em fiscaliza\u00e7\u00e3o no km 345 da Br 153, em Ourinhos-SP.<br>Os policiais abordaram um \u00f4nibus que realizada a linha Maring\u00e1 x S\u00e3o Paulo.<br>Ao vistoriar o bagageiro do \u00f4nibus, os c\u00e3es indicaram uma mala que continha tabletes de haxixe.<br>Uma mulher de 37 anos assumiu a posse da mala. Ela disse que recebeu em Maring\u00e1-PR e entregaria em Vit\u00f3ria-ES. Ademais, disse que realizou o transporte para ajudar o primo, o qual disse se tratar de erva para fazer ch\u00e1. A Ocorr\u00eancia foi encaminhada para o\u00a0DP\u00a0de\u00a0Ourinhos-SP.<\/p>\n<input type=\"hidden\" id=\"baseurl\" value=\"https:\/\/noticiasregionais.com.br\"><input type=\"hidden\" id=\"audio_nonce\" value=\"533fbb67b1\">","protected":false},"excerpt":{"rendered":"<p>A mulher pensou que estava levando ervas de ch\u00e1 para um primo. Na madrugada desta sexta-feira (03), a PRF apreendeu&hellip;<\/p>\n","protected":false},"author":1,"featured_media":2795,"comment_status":"closed","ping_status":"open","sticky":false,"template":"","format":"standard","meta":{"sfsi_plus_gutenberg_text_before_share":"","sfsi_plus_gutenberg_show_text_before_share":"","sfsi_plus_gutenberg_icon_type":"","sfsi_plus_gutenberg_icon_alignemt":"","sfsi_plus_gutenburg_max_per_row":"","footnotes":""},"categories":[5,10,1],"tags":[],"class_list":["post-2794","post","type-post","status-publish","format-standard","has-post-thumbnail","hentry","category-ourinhos","category-destaques","category-noticias"],"_links":{"self":[{"href":"https:\/\/noticiasregionais.com.br\/index.php?rest_route=\/wp\/v2\/posts\/2794","targetHints":{"allow":["GET"]}}],"collection":[{"href":"https:\/\/noticiasregionais.com.br\/index.php?rest_route=\/wp\/v2\/posts"}],"about":[{"href":"https:\/\/noticiasregionais.com.br\/index.php?rest_route=\/wp\/v2\/types\/post"}],"author":[{"embeddable":true,"href":"https:\/\/noticiasregionais.com.br\/index.php?rest_route=\/wp\/v2\/users\/1"}],"replies":[{"embeddable":true,"href":"https:\/\/noticiasregionais.com.br\/index.php?rest_route=%2Fwp%2Fv2%2Fcomments&post=2794"}],"version-history":[{"count":1,"href":"https:\/\/noticiasregionais.com.br\/index.php?rest_route=\/wp\/v2\/posts\/2794\/revisions"}],"predecessor-version":[{"id":2796,"href":"https:\/\/noticiasregionais.com.br\/index.php?rest_route=\/wp\/v2\/posts\/2794\/revisions\/2796"}],"wp:featuredmedia":[{"embeddable":true,"href":"https:\/\/noticiasregionais.com.br\/index.php?rest_route=\/wp\/v2\/media\/2795"}],"wp:attachment":[{"href":"https:\/\/noticiasregionais.com.br\/index.php?rest_route=%2Fwp%2Fv2%2Fmedia&parent=2794"}],"wp:term":[{"taxonomy":"category","embeddable":true,"href":"https:\/\/noticiasregionais.com.br\/index.php?rest_route=%2Fwp%2Fv2%2Fcategories&post=2794"},{"taxonomy":"post_tag","embeddable":true,"href":"https:\/\/noticiasregionais.com.br\/index.php?rest_route=%2Fwp%2Fv2%2Ftags&post=2794"}],"curies":[{"name":"wp","href":"https:\/\/api.w.org\/{rel}","templated":true}]}}