{"id":2797,"date":"2024-05-06T06:42:37","date_gmt":"2024-05-06T09:42:37","guid":{"rendered":"https:\/\/noticiasregionais.com.br\/?p=2797"},"modified":"2024-05-06T06:42:48","modified_gmt":"2024-05-06T09:42:48","slug":"comercio-de-ourinhos-funcionara-na-proxima-sexta-ate-as-22-horas","status":"publish","type":"post","link":"https:\/\/noticiasregionais.com.br\/?p=2797","title":{"rendered":"Com\u00e9rcio de Ourinhos funcionar\u00e1 na pr\u00f3xima sexta at\u00e9 as 22 horas"},"content":{"rendered":"\n<p class=\"has-text-align-center\"><strong>Considerada a segunda melhor data para o com\u00e9rcio varejista, o Dia das M\u00e3es \u00e9 sempre muito aguardado pelos empres\u00e1rios e a expectativa \u00e9 sempre positiva.<\/strong><\/p>\n\n\n\n<p>Com o objetivo de potencializar os neg\u00f3cios e facilitar as compras, as lojas funcionar\u00e3o em hor\u00e1rio especial de atendimento na sexta-feira (10) das 9h \u00e0s 22h. No s\u00e1bado (11) com\u00e9rcio aberto das 9 \u00e0s 17 horas.<\/p>\n\n\n\n<p>\u201cO Dia das M\u00e3es \u00e9 sempre de grande movimento no com\u00e9rcio e esperamos n\u00fameros positivos para Ourinhos, que \u00e9 polo regional de compras\u201d, ressalta Robson Martuchi, presidente da ACE.<\/p>\n\n\n\n<p>Outro ponto alto \u00e9 que os cupons da campanha promocional \u201cCombina\u00e7\u00e3o Perfeita &#8211; Com\u00e9rcio de Ourinhos &amp; Voc\u00ea\u201d j\u00e1 est\u00e3o sendo distribu\u00eddos. \u201cTivemos uma grande ades\u00e3o em nossa campanha. S\u00e3o dezenas de lojas participando e os consumidores ter\u00e3o a oportunidade de ganhar v\u00e1rios pr\u00eamios em dinheiro ao longo do ano\u201d, contou Martuchi.<\/p>\n\n\n\n<p>O primeiro sorteio da campanha \u00e9 relacionado ao Dia das M\u00e3es e acontecer\u00e1 no dia 27 de maio. \u201cSortearemos R$4mil em dinheiro para ser gasto nas lojas participantes\u201d<\/p>\n\n\n\n<p>A campanha promocional est\u00e1 s\u00f3 come\u00e7ando. \u201cConvidamos todos os empreendedores dos mais variados segmentos a participar da promo\u00e7\u00e3o. Ainda estamos fechando parcerias. A campanha, com certeza, \u00e9 mais um ponto positivo para o desenvolvimento de Ourinhos\u201d, finalizou o presidente da ACE.<\/p>\n<input type=\"hidden\" id=\"baseurl\" value=\"https:\/\/noticiasregionais.com.br\"><input type=\"hidden\" id=\"audio_nonce\" value=\"533fbb67b1\">","protected":false},"excerpt":{"rendered":"<p>Considerada a segunda melhor data para o com\u00e9rcio varejista, o Dia das M\u00e3es \u00e9 sempre muito aguardado pelos empres\u00e1rios e&hellip;<\/p>\n","protected":false},"author":1,"featured_media":2798,"comment_status":"closed","ping_status":"open","sticky":false,"template":"","format":"standard","meta":{"sfsi_plus_gutenberg_text_before_share":"","sfsi_plus_gutenberg_show_text_before_share":"","sfsi_plus_gutenberg_icon_type":"","sfsi_plus_gutenberg_icon_alignemt":"","sfsi_plus_gutenburg_max_per_row":"","footnotes":""},"categories":[5,10,1],"tags":[],"class_list":["post-2797","post","type-post","status-publish","format-standard","has-post-thumbnail","hentry","category-ourinhos","category-destaques","category-noticias"],"_links":{"self":[{"href":"https:\/\/noticiasregionais.com.br\/index.php?rest_route=\/wp\/v2\/posts\/2797","targetHints":{"allow":["GET"]}}],"collection":[{"href":"https:\/\/noticiasregionais.com.br\/index.php?rest_route=\/wp\/v2\/posts"}],"about":[{"href":"https:\/\/noticiasregionais.com.br\/index.php?rest_route=\/wp\/v2\/types\/post"}],"author":[{"embeddable":true,"href":"https:\/\/noticiasregionais.com.br\/index.php?rest_route=\/wp\/v2\/users\/1"}],"replies":[{"embeddable":true,"href":"https:\/\/noticiasregionais.com.br\/index.php?rest_route=%2Fwp%2Fv2%2Fcomments&post=2797"}],"version-history":[{"count":1,"href":"https:\/\/noticiasregionais.com.br\/index.php?rest_route=\/wp\/v2\/posts\/2797\/revisions"}],"predecessor-version":[{"id":2799,"href":"https:\/\/noticiasregionais.com.br\/index.php?rest_route=\/wp\/v2\/posts\/2797\/revisions\/2799"}],"wp:featuredmedia":[{"embeddable":true,"href":"https:\/\/noticiasregionais.com.br\/index.php?rest_route=\/wp\/v2\/media\/2798"}],"wp:attachment":[{"href":"https:\/\/noticiasregionais.com.br\/index.php?rest_route=%2Fwp%2Fv2%2Fmedia&parent=2797"}],"wp:term":[{"taxonomy":"category","embeddable":true,"href":"https:\/\/noticiasregionais.com.br\/index.php?rest_route=%2Fwp%2Fv2%2Fcategories&post=2797"},{"taxonomy":"post_tag","embeddable":true,"href":"https:\/\/noticiasregionais.com.br\/index.php?rest_route=%2Fwp%2Fv2%2Ftags&post=2797"}],"curies":[{"name":"wp","href":"https:\/\/api.w.org\/{rel}","templated":true}]}}