{"id":2800,"date":"2024-05-06T06:54:03","date_gmt":"2024-05-06T09:54:03","guid":{"rendered":"https:\/\/noticiasregionais.com.br\/?p=2800"},"modified":"2024-05-06T06:54:07","modified_gmt":"2024-05-06T09:54:07","slug":"operacao-de-trafico-desmantelada-em-santa-cruz-do-rio-pardo-com-auxilio-de-cao-farejador","status":"publish","type":"post","link":"https:\/\/noticiasregionais.com.br\/?p=2800","title":{"rendered":"Opera\u00e7\u00e3o de Tr\u00e1fico Desmantelada em Santa Cruz do Rio Pardo com Aux\u00edlio de C\u00e3o Farejador"},"content":{"rendered":"\n<p>Em uma a\u00e7\u00e3o bem-sucedida, a Pol\u00edcia Militar do 13\u00b0 Batalh\u00e3o de A\u00e7\u00f5es Especiais de Pol\u00edcia (BAEP) prendeu um homem por tr\u00e1fico de drogas nesta sexta-feira, na Rua Jo\u00e3o Elias Severino, no bairro Esta\u00e7\u00e3o, em Santa Cruz do Rio Pardo. A pris\u00e3o ocorreu \u00e0s 12h30, contando com a participa\u00e7\u00e3o decisiva de uma equipe K9, especializada no uso de c\u00e3es farejadores.<\/p>\n\n\n\n<p>O suspeito, identificado como Paulo R. F. R., de 36 anos, que j\u00e1 possui antecedentes criminais pelo mesmo delito, foi abordado pela pol\u00edcia enquanto manipulava um objeto suspeito. Ao notar a aproxima\u00e7\u00e3o dos oficiais, Paulo tentou esconder o objeto em sua boca, o que levantou a suspeita da equipe, resultando em uma abordagem imediata.<\/p>\n\n\n\n<p>Durante a revista pessoal, foi solicitado que Paulo entregasse o que tinha na boca. Ele ent\u00e3o revelou estar com uma por\u00e7\u00e3o de maconha e confessou que a droga era destinada \u00e0 venda. Paulo tamb\u00e9m indicou a presen\u00e7a de mais subst\u00e2ncias il\u00edcitas em sua resid\u00eancia, dando permiss\u00e3o para que os oficiais realizassem uma busca domiciliar.<\/p>\n\n\n\n<p>Com o aux\u00edlio do c\u00e3o farejador, a equipe localizou na casa uma por\u00e7\u00e3o de coca\u00edna embalada a v\u00e1cuo dentro de um m\u00f3vel no quarto do suspeito. Al\u00e9m disso, foram encontrados mais entorpecentes na cozinha, especificamente sobre a pia, onde estava a maconha mencionada por Paulo, acompanhada de uma mini balan\u00e7a de precis\u00e3o, uma faca com res\u00edduos da droga e um telefone celular.<\/p>\n\n\n\n<p>A opera\u00e7\u00e3o culminou na apreens\u00e3o de aproximadamente 93 gramas de maconha e 1 grama de coca\u00edna. A ocorr\u00eancia foi registrada na Central de Pol\u00edcia Judici\u00e1ria de Santa Cruz do Rio Pardo, onde a autoridade policial de plant\u00e3o ratificou a pris\u00e3o de Paulo, que foi mantido \u00e0 disposi\u00e7\u00e3o da Justi\u00e7a.<\/p>\n\n\n\n<p>Este caso destaca a import\u00e2ncia e efic\u00e1cia do treinamento dos c\u00e3es utilizados pelas equipes K9, que continuam sendo recursos vitais no combate ao tr\u00e1fico de drogas e na promo\u00e7\u00e3o da seguran\u00e7a p\u00fablica.<\/p>\n<input type=\"hidden\" id=\"baseurl\" value=\"https:\/\/noticiasregionais.com.br\"><input type=\"hidden\" id=\"audio_nonce\" value=\"533fbb67b1\">","protected":false},"excerpt":{"rendered":"<p>Em uma a\u00e7\u00e3o bem-sucedida, a Pol\u00edcia Militar do 13\u00b0 Batalh\u00e3o de A\u00e7\u00f5es Especiais de Pol\u00edcia (BAEP) prendeu um homem por&hellip;<\/p>\n","protected":false},"author":1,"featured_media":2801,"comment_status":"closed","ping_status":"open","sticky":false,"template":"","format":"standard","meta":{"sfsi_plus_gutenberg_text_before_share":"","sfsi_plus_gutenberg_show_text_before_share":"","sfsi_plus_gutenberg_icon_type":"","sfsi_plus_gutenberg_icon_alignemt":"","sfsi_plus_gutenburg_max_per_row":"","footnotes":""},"categories":[6,10,1],"tags":[],"class_list":["post-2800","post","type-post","status-publish","format-standard","has-post-thumbnail","hentry","category-sao_paulo","category-destaques","category-noticias"],"_links":{"self":[{"href":"https:\/\/noticiasregionais.com.br\/index.php?rest_route=\/wp\/v2\/posts\/2800","targetHints":{"allow":["GET"]}}],"collection":[{"href":"https:\/\/noticiasregionais.com.br\/index.php?rest_route=\/wp\/v2\/posts"}],"about":[{"href":"https:\/\/noticiasregionais.com.br\/index.php?rest_route=\/wp\/v2\/types\/post"}],"author":[{"embeddable":true,"href":"https:\/\/noticiasregionais.com.br\/index.php?rest_route=\/wp\/v2\/users\/1"}],"replies":[{"embeddable":true,"href":"https:\/\/noticiasregionais.com.br\/index.php?rest_route=%2Fwp%2Fv2%2Fcomments&post=2800"}],"version-history":[{"count":1,"href":"https:\/\/noticiasregionais.com.br\/index.php?rest_route=\/wp\/v2\/posts\/2800\/revisions"}],"predecessor-version":[{"id":2802,"href":"https:\/\/noticiasregionais.com.br\/index.php?rest_route=\/wp\/v2\/posts\/2800\/revisions\/2802"}],"wp:featuredmedia":[{"embeddable":true,"href":"https:\/\/noticiasregionais.com.br\/index.php?rest_route=\/wp\/v2\/media\/2801"}],"wp:attachment":[{"href":"https:\/\/noticiasregionais.com.br\/index.php?rest_route=%2Fwp%2Fv2%2Fmedia&parent=2800"}],"wp:term":[{"taxonomy":"category","embeddable":true,"href":"https:\/\/noticiasregionais.com.br\/index.php?rest_route=%2Fwp%2Fv2%2Fcategories&post=2800"},{"taxonomy":"post_tag","embeddable":true,"href":"https:\/\/noticiasregionais.com.br\/index.php?rest_route=%2Fwp%2Fv2%2Ftags&post=2800"}],"curies":[{"name":"wp","href":"https:\/\/api.w.org\/{rel}","templated":true}]}}