{"id":2805,"date":"2024-05-06T07:56:03","date_gmt":"2024-05-06T10:56:03","guid":{"rendered":"https:\/\/noticiasregionais.com.br\/?p=2805"},"modified":"2024-05-06T07:56:15","modified_gmt":"2024-05-06T10:56:15","slug":"com-desoneracao-da-folha-suspensa-setores-projetam-queda-produtiva-e-demissoes","status":"publish","type":"post","link":"https:\/\/noticiasregionais.com.br\/?p=2805","title":{"rendered":"Com desonera\u00e7\u00e3o da folha suspensa, setores projetam queda produtiva e demiss\u00f5es"},"content":{"rendered":"\n<p class=\"has-text-align-center\"><strong>S\u00f3 o setor de call center e infraestrutura de telecomuni\u00e7\u00f5es e inform\u00e1tica projeta 400 mil baixas em dois anos<\/strong><\/p>\n\n\n\n<p>Com a suspens\u00e3o da desonera\u00e7\u00e3o da folha de pagamentos, empresas dos setores alcan\u00e7ados pelo mecanismo j\u00e1 projetam queda produtiva e demiss\u00f5es. Segundo entendimento da Receita Federal, a liminar do ministro Cristiano Zanin, do Supremo Tribunal Federal (STF), tem efeitos desde sua publica\u00e7\u00e3o \u2014 26 de abril \u2014, o que significa que, a partir de maio, as empresas devem voltar \u00e0 recolher para a Previd\u00eancia com base na remunera\u00e7\u00e3o dos funcion\u00e1rios \u2014 e n\u00e3o mais com base no faturamento.&nbsp;<\/p>\n\n\n\n<p>Ao Brasil 61, Vivien Suruagy, presidente da Federa\u00e7\u00e3o Nacional de Call Center, Instala\u00e7\u00e3o e Manuten\u00e7\u00e3o de Infraestrutura de Redes de Telecomunica\u00e7\u00f5es e de Inform\u00e1tica (Feninfra), afirmou que 16% dos 2,5 milh\u00f5es de empregos gerados pelas empresas desses setores est\u00e3o em risco.&nbsp;<\/p>\n\n\n\n<p>&#8220;A nossa previs\u00e3o de perda de emprego \u00e9 de, aproximadamente, 400 mil trabalhadores em dois anos, fora a quebra de empresas. A situa\u00e7\u00e3o \u00e9 muito cr\u00edtica&#8221;, aponta. Suruagy diz que as empresas tamb\u00e9m est\u00e3o suspendendo negocia\u00e7\u00f5es com entidades sindicais, porque &#8220;n\u00e3o t\u00eam o que oferecer para o trabalhador&#8221;, afirma.&nbsp;<\/p>\n\n\n\n<p>Segundo a Abical\u00e7ados, que representa o setor cal\u00e7adista, a reonera\u00e7\u00e3o da folha ir\u00e1 reduzir a produ\u00e7\u00e3o de cal\u00e7ados em mais de 20% \u2014&nbsp;o que significa 150 milh\u00f5es de pares a menos. A retra\u00e7\u00e3o da atividade pode levar a 30 mil demiss\u00f5es, em dois anos.&nbsp;<\/p>\n\n\n\n<p><a href=\"https:\/\/brasil61.com\/n\/desoneracao-da-folha-especialistas-aconselham-empresas-a-voltarem-ao-regime-de-contribuicao-para-a-previdencia-ja-em-maio-bras2411594#:~:text=A%20lei%20suspensa%20pelo%20ministro,o%20faturamento%20(receita%20bruta).\" target=\"_blank\" rel=\"noopener\">Desonera\u00e7\u00e3o da folha: especialistas aconselham empresas a voltarem ao regime de contribui\u00e7\u00e3o para a Previd\u00eancia, j\u00e1 em maio<\/a><\/p>\n\n\n\n<h2 class=\"wp-block-heading\">Articula\u00e7\u00e3o<\/h2>\n\n\n\n<p>Tendo o apoio de boa parte dos l\u00edderes do Congresso Nacional, como do presidente do Senado, Rodrigo Pacheco (PSD-MG), representantes dos setores produtivos trabalham em v\u00e1rias frentes para reverter o quadro.&nbsp;<\/p>\n\n\n\n<p>No STF, o voto de Zanin foi acompanhado por outros quatro ministros. Quando o placar estava 5 a 0 pelo fim da desonera\u00e7\u00e3o, o ministro Luiz Fux pediu vistas, e o julgamento foi interrompido. Restam seis votos, o que significa que a volta da desonera\u00e7\u00e3o depende de apoio integral dos ministros que ainda v\u00e3o se manifestar.&nbsp;<\/p>\n\n\n\n<p>Pacheco e os representantes setoriais tentam convencer os demais ministros a votar a favor da desonera\u00e7\u00e3o. &#8220;N\u00f3s vamos por diversos caminhos. Um \u00e9 o convencimento no STF, claro. N\u00f3s n\u00e3o temos condi\u00e7\u00e3o de pagar isso, \u00e9 uma insanidade este valor vir agora, de repente. N\u00f3s vamos entrar como a<em>micus curiae<\/em>, para convencer que est\u00e1 tudo dentro da lei&#8221;, diz Suruagy. No direito, <em>amicus curiae <\/em>\u00e9 uma medida que permite um terceiro interessado, que n\u00e3o faz parte do processo, oferecer informa\u00e7\u00f5es sobre a demanda que est\u00e1 sendo julgada.<\/p>\n\n\n\n<p>Ainda sobre a articula\u00e7\u00e3o, Fernando Valente Pimentel, diretor-superintendente da Associa\u00e7\u00e3o Brasileira da Ind\u00fastria T\u00eaxtil e de Confec\u00e7\u00e3o (Abit), diz que, no momento, &#8220;h\u00e1 muito calor&#8221; e &#8220;pouca luz&#8221; \u2014&nbsp;e que ainda n\u00e3o h\u00e1 consenso sobre o melhor endere\u00e7amento quanto ao tema.&nbsp;<\/p>\n\n\n\n<p>&#8220;Estamos tratando com o Congresso, que foi desrespeitado na sua decis\u00e3o soberana, entende que devemos encaminhar e endere\u00e7ar a quest\u00e3o. N\u00f3s estamos vendo as partes jur\u00eddicas, do ponto de vista mais objetivo e pr\u00e1tico para as empresas. Agora, no que diz respeito \u00e0 solu\u00e7\u00e3o pelo Legislativo, n\u00f3s estamos mantendo conversa com os parlamentares, mas ainda n\u00e3o tem o melhor endere\u00e7amento&#8221;, indica.&nbsp;<br>&nbsp;<\/p>\n\n\n\n<p>Fonte: <a href=\"https:\/\/brasil61.com\/n\/com-desoneracao-da-folha-suspensa-setores-projetam-queda-produtiva-e-demissoes-bras2411626\" target=\"_blank\" rel=\"noreferrer noopener\">Brasil 61<\/a><\/p>\n<input type=\"hidden\" id=\"baseurl\" value=\"https:\/\/noticiasregionais.com.br\"><input type=\"hidden\" id=\"audio_nonce\" value=\"533fbb67b1\">","protected":false},"excerpt":{"rendered":"<p>S\u00f3 o setor de call center e infraestrutura de telecomuni\u00e7\u00f5es e inform\u00e1tica projeta 400 mil baixas em dois anos Com&hellip;<\/p>\n","protected":false},"author":1,"featured_media":2806,"comment_status":"closed","ping_status":"open","sticky":false,"template":"","format":"standard","meta":{"sfsi_plus_gutenberg_text_before_share":"","sfsi_plus_gutenberg_show_text_before_share":"","sfsi_plus_gutenberg_icon_type":"","sfsi_plus_gutenberg_icon_alignemt":"","sfsi_plus_gutenburg_max_per_row":"","footnotes":""},"categories":[8,10,1],"tags":[],"class_list":["post-2805","post","type-post","status-publish","format-standard","has-post-thumbnail","hentry","category-brasil","category-destaques","category-noticias"],"_links":{"self":[{"href":"https:\/\/noticiasregionais.com.br\/index.php?rest_route=\/wp\/v2\/posts\/2805","targetHints":{"allow":["GET"]}}],"collection":[{"href":"https:\/\/noticiasregionais.com.br\/index.php?rest_route=\/wp\/v2\/posts"}],"about":[{"href":"https:\/\/noticiasregionais.com.br\/index.php?rest_route=\/wp\/v2\/types\/post"}],"author":[{"embeddable":true,"href":"https:\/\/noticiasregionais.com.br\/index.php?rest_route=\/wp\/v2\/users\/1"}],"replies":[{"embeddable":true,"href":"https:\/\/noticiasregionais.com.br\/index.php?rest_route=%2Fwp%2Fv2%2Fcomments&post=2805"}],"version-history":[{"count":1,"href":"https:\/\/noticiasregionais.com.br\/index.php?rest_route=\/wp\/v2\/posts\/2805\/revisions"}],"predecessor-version":[{"id":2807,"href":"https:\/\/noticiasregionais.com.br\/index.php?rest_route=\/wp\/v2\/posts\/2805\/revisions\/2807"}],"wp:featuredmedia":[{"embeddable":true,"href":"https:\/\/noticiasregionais.com.br\/index.php?rest_route=\/wp\/v2\/media\/2806"}],"wp:attachment":[{"href":"https:\/\/noticiasregionais.com.br\/index.php?rest_route=%2Fwp%2Fv2%2Fmedia&parent=2805"}],"wp:term":[{"taxonomy":"category","embeddable":true,"href":"https:\/\/noticiasregionais.com.br\/index.php?rest_route=%2Fwp%2Fv2%2Fcategories&post=2805"},{"taxonomy":"post_tag","embeddable":true,"href":"https:\/\/noticiasregionais.com.br\/index.php?rest_route=%2Fwp%2Fv2%2Ftags&post=2805"}],"curies":[{"name":"wp","href":"https:\/\/api.w.org\/{rel}","templated":true}]}}