{"id":2808,"date":"2024-05-06T08:30:52","date_gmt":"2024-05-06T11:30:52","guid":{"rendered":"https:\/\/noticiasregionais.com.br\/?p=2808"},"modified":"2024-05-06T08:30:55","modified_gmt":"2024-05-06T11:30:55","slug":"governo-de-sp-propoe-que-pge-passe-a-representar-servidores-em-processos","status":"publish","type":"post","link":"https:\/\/noticiasregionais.com.br\/?p=2808","title":{"rendered":"Governo de SP prop\u00f5e que PGE passe a representar servidores em processos"},"content":{"rendered":"\n<p class=\"has-text-align-center\"><strong>Projeto de lei enviado \u00e0 Alesp estende atua\u00e7\u00e3o de \u00f3rg\u00e3o para todos os agentes p\u00fablicos em a\u00e7\u00f5es judiciais e administrativas<\/strong><\/p>\n\n\n\n<p>O Governo de S\u00e3o Paulo enviou \u00e0 Assembleia Legislativa um projeto de lei para ampliar a atua\u00e7\u00e3o da Procuradoria-Geral do Estado (PGE) em defesa de todos os servidores da administra\u00e7\u00e3o direta e autarquias estaduais.<\/p>\n\n\n\n<p>O governador Tarc\u00edsio de Freitas prop\u00f5e que o \u00f3rg\u00e3o assuma a representa\u00e7\u00e3o dos agentes p\u00fablicos em a\u00e7\u00f5es judiciais ou processos administrativos ligados ao exerc\u00edcio do cargo.<\/p>\n\n\n\n<p>O projeto de lei complementar enviado para an\u00e1lise dos deputados estaduais prev\u00ea que a PGE fa\u00e7a a representa\u00e7\u00e3o judicial e extrajudicial de todos os servidores do Executivo paulista.<\/p>\n\n\n\n<p>A medida, contudo, se restringe a a\u00e7\u00f5es ligadas diretamente \u00e0 atividade no setor p\u00fablico e n\u00e3o abrange processos disciplinares ou criminais.<\/p>\n\n\n\n<p>A PGE \u00e9 o \u00f3rg\u00e3o de advocacia da gest\u00e3o estadual e, atualmente, pode representar o governador, o vice-governador e secret\u00e1rios estaduais em a\u00e7\u00f5es.<\/p>\n\n\n\n<p>Com a nova proposta, a PGE poderia atuar na defesa de servidores, desde que condicionada \u00e0 pr\u00e1tica de ato em conson\u00e2ncia com o interesse p\u00fablico.<\/p>\n\n\n\n<p>Na avalia\u00e7\u00e3o do Governo do Estado, a medida representa um avan\u00e7o na defesa dos gestores p\u00fablicos, que passar\u00e3o a ter mais seguran\u00e7a jur\u00eddica em rela\u00e7\u00e3o a decis\u00f5es e medidas de \u00e2mbito profissional para a execu\u00e7\u00e3o das pol\u00edticas p\u00fablicas da gest\u00e3o paulista.<\/p>\n<input type=\"hidden\" id=\"baseurl\" value=\"https:\/\/noticiasregionais.com.br\"><input type=\"hidden\" id=\"audio_nonce\" value=\"533fbb67b1\">","protected":false},"excerpt":{"rendered":"<p>Projeto de lei enviado \u00e0 Alesp estende atua\u00e7\u00e3o de \u00f3rg\u00e3o para todos os agentes p\u00fablicos em a\u00e7\u00f5es judiciais e administrativas&hellip;<\/p>\n","protected":false},"author":1,"featured_media":2809,"comment_status":"closed","ping_status":"open","sticky":false,"template":"","format":"standard","meta":{"sfsi_plus_gutenberg_text_before_share":"","sfsi_plus_gutenberg_show_text_before_share":"","sfsi_plus_gutenberg_icon_type":"","sfsi_plus_gutenberg_icon_alignemt":"","sfsi_plus_gutenburg_max_per_row":"","footnotes":""},"categories":[6,12,1],"tags":[],"class_list":["post-2808","post","type-post","status-publish","format-standard","has-post-thumbnail","hentry","category-sao_paulo","category-capa","category-noticias"],"_links":{"self":[{"href":"https:\/\/noticiasregionais.com.br\/index.php?rest_route=\/wp\/v2\/posts\/2808","targetHints":{"allow":["GET"]}}],"collection":[{"href":"https:\/\/noticiasregionais.com.br\/index.php?rest_route=\/wp\/v2\/posts"}],"about":[{"href":"https:\/\/noticiasregionais.com.br\/index.php?rest_route=\/wp\/v2\/types\/post"}],"author":[{"embeddable":true,"href":"https:\/\/noticiasregionais.com.br\/index.php?rest_route=\/wp\/v2\/users\/1"}],"replies":[{"embeddable":true,"href":"https:\/\/noticiasregionais.com.br\/index.php?rest_route=%2Fwp%2Fv2%2Fcomments&post=2808"}],"version-history":[{"count":1,"href":"https:\/\/noticiasregionais.com.br\/index.php?rest_route=\/wp\/v2\/posts\/2808\/revisions"}],"predecessor-version":[{"id":2810,"href":"https:\/\/noticiasregionais.com.br\/index.php?rest_route=\/wp\/v2\/posts\/2808\/revisions\/2810"}],"wp:featuredmedia":[{"embeddable":true,"href":"https:\/\/noticiasregionais.com.br\/index.php?rest_route=\/wp\/v2\/media\/2809"}],"wp:attachment":[{"href":"https:\/\/noticiasregionais.com.br\/index.php?rest_route=%2Fwp%2Fv2%2Fmedia&parent=2808"}],"wp:term":[{"taxonomy":"category","embeddable":true,"href":"https:\/\/noticiasregionais.com.br\/index.php?rest_route=%2Fwp%2Fv2%2Fcategories&post=2808"},{"taxonomy":"post_tag","embeddable":true,"href":"https:\/\/noticiasregionais.com.br\/index.php?rest_route=%2Fwp%2Fv2%2Ftags&post=2808"}],"curies":[{"name":"wp","href":"https:\/\/api.w.org\/{rel}","templated":true}]}}