{"id":2811,"date":"2024-05-06T08:37:57","date_gmt":"2024-05-06T11:37:57","guid":{"rendered":"https:\/\/noticiasregionais.com.br\/?p=2811"},"modified":"2024-05-06T08:38:09","modified_gmt":"2024-05-06T11:38:09","slug":"saiba-quais-foram-as-principais-ocorrencias-na-area-do-2o-batalhao-de-pm-do-estado-do-pr","status":"publish","type":"post","link":"https:\/\/noticiasregionais.com.br\/?p=2811","title":{"rendered":"Saiba quais foram as principais ocorr\u00eancias na \u00e1rea do 2\u00ba Batalh\u00e3o de PM do estado do PR"},"content":{"rendered":"\n<p class=\"has-text-align-center\"><strong>Dentre os destaques est\u00e3o tentativa de homic\u00eddio em Jacarezinho e diversas ocorr\u00eancias envolvendo o combate ao trafico<\/strong><\/p>\n\n\n\n<h2 class=\"wp-block-heading has-text-align-center has-white-color has-vivid-red-background-color has-text-color has-background has-link-color wp-elements-44df4e2298e2eae8430624f65ec0c734\">OU\u00c7A O RELATO EM \u00c1UDIO DO SETOR DE COMUNICA\u00c7\u00c3O SOCIAL<audio src=\"https:\/\/noticiasregionais.com.br\/wp-content\/uploads\/2024\/04\/Relato-das-principais-ocorrencias-26ABR24.mp3\"><\/audio><\/h2>\n\n\n\n<figure class=\"wp-block-audio\"><audio controls src=\"https:\/\/noticiasregionais.com.br\/wp-content\/uploads\/2024\/05\/Relato-das-ocorrencias-06MAI24.mp3\"><\/audio><\/figure>\n\n\n\n<p>O Segundo Batalh\u00e3o de Pol\u00edcia Militar foi criado pela Lei n.\u00ba 1924 de 04 de maio de 1953, tendo como sede a cidade de Apucarana-PR. Diante de uma infraestrutura prec\u00e1ria a qual n\u00e3o absorvia as necessidades da unidade, foi necess\u00e1rio retornar \u00e0 Capital do Estado, em 1959.<\/p>\n\n\n\n<p>Em 3 de mar\u00e7o de 1967, o Segundo Batalh\u00e3o foi transferido para a cidade de Jacarezinho, passando pela Delegacia Local, posteriormente para a Rua Marechal Deodoro e por fim na BR 153 no Km 17, local este onde encontra-se at\u00e9 os dias de hoje.<\/p>\n\n\n\n<p>Atualmente o 2\u00ba BPM compreende uma regi\u00e3o de 22 cidades localizadas no Norte do Estado. Essas cidades est\u00e3o dividas entre 4 Companhias: 1\u00aa Cia \u2013 com sede em Jacarezinho, 2\u00aa Cia \u2013 com sede em Wenceslau Braz, 3\u00aa Cia \u2013 com sede em Ibaiti, e por fim a 4\u00aa Cia \u2013 com sede em Santo Ant\u00f4nio da Platina.<\/p>\n\n\n\n<p>Al\u00e9m das j\u00e1 citadas companhias, o 2\u00ba BPM conta com a ROTAM (Rondas Ostensivas T\u00e1tico M\u00f3vel), com a ROCAM (Rondas Ostensivas com Aplica\u00e7\u00e3o de Motocicletas) e com o Canil.<\/p>\n\n\n\n<h2 class=\"wp-block-heading has-text-align-center\"><strong>2\u00ba Batalh\u00e3o de Pol\u00edcia Militar \u2013 Fone: 43 3511-0700<\/strong><\/h2>\n\n\n\n<h5 class=\"wp-block-heading has-text-align-center\">Rod. Transbrasiliana (BR 153), Km 17, bairro Aeroporto, \u2013 Jacarezinho \u2013&nbsp;PR \u2013&nbsp;CEP 86400-000<\/h5>\n<input type=\"hidden\" id=\"baseurl\" value=\"https:\/\/noticiasregionais.com.br\"><input type=\"hidden\" id=\"audio_nonce\" value=\"533fbb67b1\">","protected":false},"excerpt":{"rendered":"<p>Dentre os destaques est\u00e3o tentativa de homic\u00eddio em Jacarezinho e diversas ocorr\u00eancias envolvendo o combate ao trafico OU\u00c7A O RELATO&hellip;<\/p>\n","protected":false},"author":1,"featured_media":2517,"comment_status":"closed","ping_status":"open","sticky":false,"template":"","format":"standard","meta":{"sfsi_plus_gutenberg_text_before_share":"","sfsi_plus_gutenberg_show_text_before_share":"","sfsi_plus_gutenberg_icon_type":"","sfsi_plus_gutenberg_icon_alignemt":"","sfsi_plus_gutenburg_max_per_row":"","footnotes":""},"categories":[7,10,1],"tags":[],"class_list":["post-2811","post","type-post","status-publish","format-standard","has-post-thumbnail","hentry","category-parana","category-destaques","category-noticias"],"_links":{"self":[{"href":"https:\/\/noticiasregionais.com.br\/index.php?rest_route=\/wp\/v2\/posts\/2811","targetHints":{"allow":["GET"]}}],"collection":[{"href":"https:\/\/noticiasregionais.com.br\/index.php?rest_route=\/wp\/v2\/posts"}],"about":[{"href":"https:\/\/noticiasregionais.com.br\/index.php?rest_route=\/wp\/v2\/types\/post"}],"author":[{"embeddable":true,"href":"https:\/\/noticiasregionais.com.br\/index.php?rest_route=\/wp\/v2\/users\/1"}],"replies":[{"embeddable":true,"href":"https:\/\/noticiasregionais.com.br\/index.php?rest_route=%2Fwp%2Fv2%2Fcomments&post=2811"}],"version-history":[{"count":1,"href":"https:\/\/noticiasregionais.com.br\/index.php?rest_route=\/wp\/v2\/posts\/2811\/revisions"}],"predecessor-version":[{"id":2813,"href":"https:\/\/noticiasregionais.com.br\/index.php?rest_route=\/wp\/v2\/posts\/2811\/revisions\/2813"}],"wp:featuredmedia":[{"embeddable":true,"href":"https:\/\/noticiasregionais.com.br\/index.php?rest_route=\/wp\/v2\/media\/2517"}],"wp:attachment":[{"href":"https:\/\/noticiasregionais.com.br\/index.php?rest_route=%2Fwp%2Fv2%2Fmedia&parent=2811"}],"wp:term":[{"taxonomy":"category","embeddable":true,"href":"https:\/\/noticiasregionais.com.br\/index.php?rest_route=%2Fwp%2Fv2%2Fcategories&post=2811"},{"taxonomy":"post_tag","embeddable":true,"href":"https:\/\/noticiasregionais.com.br\/index.php?rest_route=%2Fwp%2Fv2%2Ftags&post=2811"}],"curies":[{"name":"wp","href":"https:\/\/api.w.org\/{rel}","templated":true}]}}