{"id":2814,"date":"2024-05-06T20:20:48","date_gmt":"2024-05-06T23:20:48","guid":{"rendered":"https:\/\/noticiasregionais.com.br\/?p=2814"},"modified":"2024-05-06T20:20:50","modified_gmt":"2024-05-06T23:20:50","slug":"menor-e-apreendido-com-crack-na-vila-christoni-em-ourinhos","status":"publish","type":"post","link":"https:\/\/noticiasregionais.com.br\/?p=2814","title":{"rendered":"Menor \u00e9 apreendido com crack na Vila Christoni em Ourinhos"},"content":{"rendered":"\n<p>Na noite de ontem (05), uma equipe da For\u00e7a T\u00e1tica do 31\u00ba Batalh\u00e3o de Pol\u00edcia Militar do Interior (BPM\/I) apreendeu um menor infrator por tr\u00e1fico de drogas na Vila Christoni em Ourinhos.<\/p>\n\n\n\n<p>Durante patrulhamento pela Rua Eduardo Perez, os policiais abordaram o indiv\u00edduo, que estava em atitude suspeita. Na revista pessoal, foram encontradas 59 por\u00e7\u00f5es de crack prontas para a venda, al\u00e9m da quantia de R$350,00 em dinheiro.<\/p>\n\n\n\n<p>O menor infrator e os materiais apreendidos foram encaminhados \u00e0 Central de Pol\u00edcia Judici\u00e1ria de Ourinhos, onde a ocorr\u00eancia foi registrada. O jovem permaneceu \u00e0 disposi\u00e7\u00e3o da justi\u00e7a.<\/p>\n\n\n\n<p><strong>A\u00e7\u00e3o refor\u00e7a o combate ao tr\u00e1fico de drogas na cidade<\/strong><\/p>\n\n\n\n<p>A apreens\u00e3o demonstra o compromisso da Pol\u00edcia Militar com o combate ao tr\u00e1fico de drogas em Ourinhos. A corpora\u00e7\u00e3o intensifica as a\u00e7\u00f5es para coibir a venda de entorpecentes e garantir a seguran\u00e7a da popula\u00e7\u00e3o.<\/p>\n\n\n\n<p><strong>Den\u00fancias an\u00f4nimas podem ajudar<\/strong><\/p>\n\n\n\n<p>A popula\u00e7\u00e3o pode contribuir no combate ao tr\u00e1fico de drogas denunciando atividades suspeitas atrav\u00e9s do telefone 190. A liga\u00e7\u00e3o \u00e9 gratuita e sigilosa.<\/p>\n\n\n\n<p><strong>Importante:<\/strong><\/p>\n\n\n\n<ul class=\"wp-block-list\">\n<li>O nome do menor infrator n\u00e3o foi divulgado para preservar sua identidade.<\/li>\n\n\n\n<li>A Pol\u00edcia Militar orienta os pais para que acompanhem seus filhos e os mantenham longe do crime.<\/li>\n\n\n\n<li>O uso de drogas causa diversos malef\u00edcios \u00e0 sa\u00fade e \u00e0 vida. Busque ajuda caso voc\u00ea ou algu\u00e9m que voc\u00ea conhece esteja sofrendo com a depend\u00eancia qu\u00edmica.<\/li>\n<\/ul>\n<input type=\"hidden\" id=\"baseurl\" value=\"https:\/\/noticiasregionais.com.br\"><input type=\"hidden\" id=\"audio_nonce\" value=\"533fbb67b1\">","protected":false},"excerpt":{"rendered":"<p>Na noite de ontem (05), uma equipe da For\u00e7a T\u00e1tica do 31\u00ba Batalh\u00e3o de Pol\u00edcia Militar do Interior (BPM\/I) apreendeu&hellip;<\/p>\n","protected":false},"author":1,"featured_media":2815,"comment_status":"closed","ping_status":"open","sticky":false,"template":"","format":"standard","meta":{"sfsi_plus_gutenberg_text_before_share":"","sfsi_plus_gutenberg_show_text_before_share":"","sfsi_plus_gutenberg_icon_type":"","sfsi_plus_gutenberg_icon_alignemt":"","sfsi_plus_gutenburg_max_per_row":"","footnotes":""},"categories":[5,12,1],"tags":[],"class_list":["post-2814","post","type-post","status-publish","format-standard","has-post-thumbnail","hentry","category-ourinhos","category-capa","category-noticias"],"_links":{"self":[{"href":"https:\/\/noticiasregionais.com.br\/index.php?rest_route=\/wp\/v2\/posts\/2814","targetHints":{"allow":["GET"]}}],"collection":[{"href":"https:\/\/noticiasregionais.com.br\/index.php?rest_route=\/wp\/v2\/posts"}],"about":[{"href":"https:\/\/noticiasregionais.com.br\/index.php?rest_route=\/wp\/v2\/types\/post"}],"author":[{"embeddable":true,"href":"https:\/\/noticiasregionais.com.br\/index.php?rest_route=\/wp\/v2\/users\/1"}],"replies":[{"embeddable":true,"href":"https:\/\/noticiasregionais.com.br\/index.php?rest_route=%2Fwp%2Fv2%2Fcomments&post=2814"}],"version-history":[{"count":1,"href":"https:\/\/noticiasregionais.com.br\/index.php?rest_route=\/wp\/v2\/posts\/2814\/revisions"}],"predecessor-version":[{"id":2816,"href":"https:\/\/noticiasregionais.com.br\/index.php?rest_route=\/wp\/v2\/posts\/2814\/revisions\/2816"}],"wp:featuredmedia":[{"embeddable":true,"href":"https:\/\/noticiasregionais.com.br\/index.php?rest_route=\/wp\/v2\/media\/2815"}],"wp:attachment":[{"href":"https:\/\/noticiasregionais.com.br\/index.php?rest_route=%2Fwp%2Fv2%2Fmedia&parent=2814"}],"wp:term":[{"taxonomy":"category","embeddable":true,"href":"https:\/\/noticiasregionais.com.br\/index.php?rest_route=%2Fwp%2Fv2%2Fcategories&post=2814"},{"taxonomy":"post_tag","embeddable":true,"href":"https:\/\/noticiasregionais.com.br\/index.php?rest_route=%2Fwp%2Fv2%2Ftags&post=2814"}],"curies":[{"name":"wp","href":"https:\/\/api.w.org\/{rel}","templated":true}]}}