{"id":2817,"date":"2024-05-06T20:35:35","date_gmt":"2024-05-06T23:35:35","guid":{"rendered":"https:\/\/noticiasregionais.com.br\/?p=2817"},"modified":"2024-05-06T20:35:37","modified_gmt":"2024-05-06T23:35:37","slug":"dupla-e-presa-em-flagrante-por-trafico-de-drogas-em-santo-antonio-da-platina","status":"publish","type":"post","link":"https:\/\/noticiasregionais.com.br\/?p=2817","title":{"rendered":"Dupla \u00e9 presa em flagrante por tr\u00e1fico de drogas em Santo Ant\u00f4nio da Platina"},"content":{"rendered":"\n<p>Na noite de s\u00e1bado (04), a Pol\u00edcia Militar do Paran\u00e1 (PMPR) apreendeu dois indiv\u00edduos, sendo um deles menor de idade, por tr\u00e1fico de drogas no munic\u00edpio de Santo Ant\u00f4nio da Platina.<\/p>\n\n\n\n<p><strong>Abordagem e apreens\u00e3o<\/strong><\/p>\n\n\n\n<p>Em patrulhamento pela Rua Jo\u00e3o Guilherme Peixe, os policiais da 2\u00aa Companhia do 2\u00ba Batalh\u00e3o de Pol\u00edcia Militar (2\u00ba BPM) abordaram dois indiv\u00edduos em atitude suspeita. Durante a revista pessoal, foram encontradas com eles diversas por\u00e7\u00f5es de coca\u00edna, maconha, crack e dinheiro em esp\u00e9cie.<\/p>\n\n\n\n<p><strong>Detalhamento das apreens\u00f5es:<\/strong><\/p>\n\n\n\n<ul class=\"wp-block-list\">\n<li>Com os abordados:\n<ul class=\"wp-block-list\">\n<li>03 buchas de coca\u00edna<\/li>\n\n\n\n<li>02 buchas de maconha<\/li>\n\n\n\n<li>R$ 1.860,00 em dinheiro<\/li>\n<\/ul>\n<\/li>\n\n\n\n<li>No interior do ve\u00edculo Fiat\/Uno:\n<ul class=\"wp-block-list\">\n<li>04 buchas de coca\u00edna<\/li>\n\n\n\n<li>04 por\u00e7\u00f5es de crack<\/li>\n\n\n\n<li>R$ 782,00 em dinheiro<\/li>\n<\/ul>\n<\/li>\n<\/ul>\n\n\n\n<p><strong>Confiss\u00e3o e encaminhamento<\/strong><\/p>\n\n\n\n<p>Os dois indiv\u00edduos confessaram o crime de tr\u00e1fico de drogas. Diante do flagrante, eles foram detidos e encaminhados para a Delegacia de Pol\u00edcia local, junto com todo o material apreendido. O ve\u00edculo utilizado pelos suspeitos tamb\u00e9m foi apreendido.<\/p>\n\n\n\n<p><strong>A\u00e7\u00f5es de combate ao tr\u00e1fico de drogas<\/strong><\/p>\n\n\n\n<p>A a\u00e7\u00e3o da PMPR demonstra o compromisso da corpora\u00e7\u00e3o com o combate ao tr\u00e1fico de drogas na regi\u00e3o. A PMPR intensifica as a\u00e7\u00f5es para coibir a venda de entorpecentes e garantir a seguran\u00e7a da popula\u00e7\u00e3o.<\/p>\n\n\n\n<p><strong>Den\u00fancias an\u00f4nimas<\/strong><\/p>\n\n\n\n<p>A popula\u00e7\u00e3o pode contribuir no combate ao tr\u00e1fico de drogas denunciando atividades suspeitas atrav\u00e9s do telefone 190. A liga\u00e7\u00e3o \u00e9 gratuita e sigilosa.<\/p>\n\n\n\n<p><strong>Informa\u00e7\u00f5es importantes<\/strong><\/p>\n\n\n\n<ul class=\"wp-block-list\">\n<li>A identidade do menor infrator n\u00e3o foi divulgada para preservar sua identidade.<\/li>\n\n\n\n<li>A PMPR orienta os pais para que acompanhem seus filhos e os mantenham longe do crime.<\/li>\n\n\n\n<li>O uso de drogas causa diversos malef\u00edcios \u00e0 sa\u00fade e \u00e0 vida. Busque ajuda caso voc\u00ea ou algu\u00e9m que voc\u00ea conhece esteja sofrendo com a depend\u00eancia qu\u00edmica.<\/li>\n<\/ul>\n\n\n<div class=\"wp-block-image\">\n<figure class=\"aligncenter size-large\"><img decoding=\"async\" width=\"768\" height=\"1024\" src=\"https:\/\/noticiasregionais.com.br\/wp-content\/uploads\/2024\/05\/WhatsApp-Image-2024-05-06-at-14.38.331-768x1024.jpeg\" alt=\"\" class=\"wp-image-2819\" srcset=\"https:\/\/noticiasregionais.com.br\/wp-content\/uploads\/2024\/05\/WhatsApp-Image-2024-05-06-at-14.38.331-768x1024.jpeg 768w, https:\/\/noticiasregionais.com.br\/wp-content\/uploads\/2024\/05\/WhatsApp-Image-2024-05-06-at-14.38.331-225x300.jpeg 225w, https:\/\/noticiasregionais.com.br\/wp-content\/uploads\/2024\/05\/WhatsApp-Image-2024-05-06-at-14.38.331.jpeg 960w\" sizes=\"(max-width: 768px) 100vw, 768px\" \/><\/figure>\n<\/div><input type=\"hidden\" id=\"baseurl\" value=\"https:\/\/noticiasregionais.com.br\"><input type=\"hidden\" id=\"audio_nonce\" value=\"533fbb67b1\">","protected":false},"excerpt":{"rendered":"<p>Na noite de s\u00e1bado (04), a Pol\u00edcia Militar do Paran\u00e1 (PMPR) apreendeu dois indiv\u00edduos, sendo um deles menor de idade,&hellip;<\/p>\n","protected":false},"author":1,"featured_media":2818,"comment_status":"closed","ping_status":"open","sticky":false,"template":"","format":"standard","meta":{"sfsi_plus_gutenberg_text_before_share":"","sfsi_plus_gutenberg_show_text_before_share":"","sfsi_plus_gutenberg_icon_type":"","sfsi_plus_gutenberg_icon_alignemt":"","sfsi_plus_gutenburg_max_per_row":"","footnotes":""},"categories":[7,10,1],"tags":[],"class_list":["post-2817","post","type-post","status-publish","format-standard","has-post-thumbnail","hentry","category-parana","category-destaques","category-noticias"],"_links":{"self":[{"href":"https:\/\/noticiasregionais.com.br\/index.php?rest_route=\/wp\/v2\/posts\/2817","targetHints":{"allow":["GET"]}}],"collection":[{"href":"https:\/\/noticiasregionais.com.br\/index.php?rest_route=\/wp\/v2\/posts"}],"about":[{"href":"https:\/\/noticiasregionais.com.br\/index.php?rest_route=\/wp\/v2\/types\/post"}],"author":[{"embeddable":true,"href":"https:\/\/noticiasregionais.com.br\/index.php?rest_route=\/wp\/v2\/users\/1"}],"replies":[{"embeddable":true,"href":"https:\/\/noticiasregionais.com.br\/index.php?rest_route=%2Fwp%2Fv2%2Fcomments&post=2817"}],"version-history":[{"count":1,"href":"https:\/\/noticiasregionais.com.br\/index.php?rest_route=\/wp\/v2\/posts\/2817\/revisions"}],"predecessor-version":[{"id":2820,"href":"https:\/\/noticiasregionais.com.br\/index.php?rest_route=\/wp\/v2\/posts\/2817\/revisions\/2820"}],"wp:featuredmedia":[{"embeddable":true,"href":"https:\/\/noticiasregionais.com.br\/index.php?rest_route=\/wp\/v2\/media\/2818"}],"wp:attachment":[{"href":"https:\/\/noticiasregionais.com.br\/index.php?rest_route=%2Fwp%2Fv2%2Fmedia&parent=2817"}],"wp:term":[{"taxonomy":"category","embeddable":true,"href":"https:\/\/noticiasregionais.com.br\/index.php?rest_route=%2Fwp%2Fv2%2Fcategories&post=2817"},{"taxonomy":"post_tag","embeddable":true,"href":"https:\/\/noticiasregionais.com.br\/index.php?rest_route=%2Fwp%2Fv2%2Ftags&post=2817"}],"curies":[{"name":"wp","href":"https:\/\/api.w.org\/{rel}","templated":true}]}}