{"id":2821,"date":"2024-05-06T20:47:24","date_gmt":"2024-05-06T23:47:24","guid":{"rendered":"https:\/\/noticiasregionais.com.br\/?p=2821"},"modified":"2024-05-06T20:47:35","modified_gmt":"2024-05-06T23:47:35","slug":"secretaria-de-seguranca-publica-realiza-evento-de-conscientizacao-ao-maio-amarelo","status":"publish","type":"post","link":"https:\/\/noticiasregionais.com.br\/?p=2821","title":{"rendered":"Secretaria de Seguran\u00e7a P\u00fablica realiza evento de conscientiza\u00e7\u00e3o ao Maio Amarelo"},"content":{"rendered":"\n<p class=\"has-text-align-center\"><strong>M\u00eas \u00e9 dedicado a educa\u00e7\u00e3o no tr\u00e2nsito de todo o pa\u00eds<\/strong><\/p>\n\n\n\n<p>A Secretaria de Seguran\u00e7a P\u00fablica em parceria com a Guarda Civil Municipal realizam durante os dias 6, 7, 8 e 9 de maio uma semana dedicada a educa\u00e7\u00e3o de tr\u00e2nsito. As a\u00e7\u00f5es ser\u00e3o voltadas a sensibilizar toda a popula\u00e7\u00e3o, inclusive os alunos em idade escolar, para adquirir h\u00e1bitos e comportamentos respons\u00e1veis em rela\u00e7\u00e3o ao tr\u00e2nsito.<\/p>\n\n\n\n<p>Pelo oitavo ano consecutivo, o m\u00eas representa um movimento internacional de luta pela redu\u00e7\u00e3o da mortalidade e neste ano, o tema da campanha mundial \u00e9 \u201cPaz no tr\u00e2nsito come\u00e7a por voc\u00ea\u201d. \u00c9 necess\u00e1rio chamar a aten\u00e7\u00e3o da sociedade para o alto \u00edndice de mortes e feridos no tr\u00e2nsito em todo o mundo.<\/p>\n\n\n\n<p>Ser\u00e3o diversas a\u00e7\u00f5es educativas e de conscientiza\u00e7\u00e3o para motoristas e pedestres, com distribui\u00e7\u00e3o de brindes. As a\u00e7\u00f5es acontecem das 8h00 \u00e0s 12h00, na Pra\u00e7a Mello Peixoto.<\/p>\n<input type=\"hidden\" id=\"baseurl\" value=\"https:\/\/noticiasregionais.com.br\"><input type=\"hidden\" id=\"audio_nonce\" value=\"533fbb67b1\">","protected":false},"excerpt":{"rendered":"<p>M\u00eas \u00e9 dedicado a educa\u00e7\u00e3o no tr\u00e2nsito de todo o pa\u00eds A Secretaria de Seguran\u00e7a P\u00fablica em parceria com a&hellip;<\/p>\n","protected":false},"author":1,"featured_media":2822,"comment_status":"closed","ping_status":"open","sticky":false,"template":"","format":"standard","meta":{"sfsi_plus_gutenberg_text_before_share":"","sfsi_plus_gutenberg_show_text_before_share":"","sfsi_plus_gutenberg_icon_type":"","sfsi_plus_gutenberg_icon_alignemt":"","sfsi_plus_gutenburg_max_per_row":"","footnotes":""},"categories":[5,10,1],"tags":[],"class_list":["post-2821","post","type-post","status-publish","format-standard","has-post-thumbnail","hentry","category-ourinhos","category-destaques","category-noticias"],"_links":{"self":[{"href":"https:\/\/noticiasregionais.com.br\/index.php?rest_route=\/wp\/v2\/posts\/2821","targetHints":{"allow":["GET"]}}],"collection":[{"href":"https:\/\/noticiasregionais.com.br\/index.php?rest_route=\/wp\/v2\/posts"}],"about":[{"href":"https:\/\/noticiasregionais.com.br\/index.php?rest_route=\/wp\/v2\/types\/post"}],"author":[{"embeddable":true,"href":"https:\/\/noticiasregionais.com.br\/index.php?rest_route=\/wp\/v2\/users\/1"}],"replies":[{"embeddable":true,"href":"https:\/\/noticiasregionais.com.br\/index.php?rest_route=%2Fwp%2Fv2%2Fcomments&post=2821"}],"version-history":[{"count":1,"href":"https:\/\/noticiasregionais.com.br\/index.php?rest_route=\/wp\/v2\/posts\/2821\/revisions"}],"predecessor-version":[{"id":2823,"href":"https:\/\/noticiasregionais.com.br\/index.php?rest_route=\/wp\/v2\/posts\/2821\/revisions\/2823"}],"wp:featuredmedia":[{"embeddable":true,"href":"https:\/\/noticiasregionais.com.br\/index.php?rest_route=\/wp\/v2\/media\/2822"}],"wp:attachment":[{"href":"https:\/\/noticiasregionais.com.br\/index.php?rest_route=%2Fwp%2Fv2%2Fmedia&parent=2821"}],"wp:term":[{"taxonomy":"category","embeddable":true,"href":"https:\/\/noticiasregionais.com.br\/index.php?rest_route=%2Fwp%2Fv2%2Fcategories&post=2821"},{"taxonomy":"post_tag","embeddable":true,"href":"https:\/\/noticiasregionais.com.br\/index.php?rest_route=%2Fwp%2Fv2%2Ftags&post=2821"}],"curies":[{"name":"wp","href":"https:\/\/api.w.org\/{rel}","templated":true}]}}