{"id":2824,"date":"2024-05-06T20:52:37","date_gmt":"2024-05-06T23:52:37","guid":{"rendered":"https:\/\/noticiasregionais.com.br\/?p=2824"},"modified":"2024-05-06T20:52:41","modified_gmt":"2024-05-06T23:52:41","slug":"tentativa-de-furto-em-santa-cruz-do-rio-pardo-resulta-em-prisao-em-flagrante","status":"publish","type":"post","link":"https:\/\/noticiasregionais.com.br\/?p=2824","title":{"rendered":"Tentativa de furto em Santa Cruz do Rio Pardo resulta em pris\u00e3o em flagrante"},"content":{"rendered":"\n<p>Um homem foi preso em flagrante na manh\u00e3 de domingo (05) ap\u00f3s tentar furtar uma resid\u00eancia na Vila S\u00e3o Judas Tadeu, em Santa Cruz do Rio Pardo. A a\u00e7\u00e3o r\u00e1pida da Pol\u00edcia Militar evitou o crime e resultou na recupera\u00e7\u00e3o de pertences da v\u00edtima.<\/p>\n\n\n\n<p>Segundo informa\u00e7\u00f5es da PM, a v\u00edtima acionou a corpora\u00e7\u00e3o por volta das 7h13min, relatando que ao retornar para casa, encontrou as depend\u00eancias reviradas e alguns de seus pertences separados em \u00e1reas internas e externas da resid\u00eancia.<\/p>\n\n\n\n<p>Com a ajuda de imagens de videomonitoramento, a v\u00edtima conseguiu identificar o autor do crime. Em dilig\u00eancias pela regi\u00e3o, os policiais localizaram o suspeito, que foi preso em flagrante.<\/p>\n\n\n\n<p>O caso foi apresentado na Central de Pol\u00edcia Judici\u00e1ria, onde o preso permaneceu \u00e0 disposi\u00e7\u00e3o da justi\u00e7a.<\/p>\n\n\n\n<p><strong>Detalhes da Ocorr\u00eancia:<\/strong><\/p>\n\n\n\n<ul class=\"wp-block-list\">\n<li><strong>Data:<\/strong> 05 de Maio de 2024<\/li>\n\n\n\n<li><strong>Hor\u00e1rio:<\/strong> 07h13min<\/li>\n\n\n\n<li><strong>Local:<\/strong> Avenida Coronel Clementino Gon\u00e7alves, Vila S\u00e3o Judas Tadeu, Santa Cruz do Rio Pardo\/SP<\/li>\n\n\n\n<li><strong>Unidade Policial:<\/strong> 31\u00ba BPM\/I<\/li>\n<\/ul>\n\n\n\n<p><strong>Resultado:<\/strong><\/p>\n\n\n\n<ul class=\"wp-block-list\">\n<li>Suspeito preso em flagrante<\/li>\n\n\n\n<li>Pertences da v\u00edtima recuperados<\/li>\n<\/ul>\n\n\n\n<p><strong>Recomenda\u00e7\u00f5es:<\/strong><\/p>\n\n\n\n<p>A Pol\u00edcia Militar orienta a popula\u00e7\u00e3o para que tome medidas de seguran\u00e7a para evitar furtos em suas resid\u00eancias, como:<\/p>\n\n\n\n<ul class=\"wp-block-list\">\n<li><strong>Instalar c\u00e2meras de seguran\u00e7a:<\/strong> As imagens podem ajudar na identifica\u00e7\u00e3o dos autores dos crimes e na recupera\u00e7\u00e3o de bens furtados.<\/li>\n\n\n\n<li><strong>Manter portas e janelas trancadas:<\/strong> Mesmo em casa, \u00e9 importante manter as portas e janelas trancadas, principalmente quando estiver ausente.<\/li>\n\n\n\n<li><strong>Instalar alarmes:<\/strong> Os alarmes podem dissuadir os criminosos e alertar a pol\u00edcia em caso de tentativa de invas\u00e3o.<\/li>\n\n\n\n<li><strong>Ter um vizinho de confian\u00e7a:<\/strong> Combine com um vizinho de confian\u00e7a para que ele fique atento \u00e0 sua casa em caso de sua aus\u00eancia.<\/li>\n\n\n\n<li><strong>Registrar a ocorr\u00eancia:<\/strong> Se voc\u00ea for v\u00edtima de furto, registre a ocorr\u00eancia na delegacia de pol\u00edcia.<\/li>\n<\/ul>\n\n\n\n<p>A PM tamb\u00e9m coloca \u00e0 disposi\u00e7\u00e3o da popula\u00e7\u00e3o o servi\u00e7o de policiamento preventivo, que pode ser solicitado pelo telefone 190.<\/p>\n<input type=\"hidden\" id=\"baseurl\" value=\"https:\/\/noticiasregionais.com.br\"><input type=\"hidden\" id=\"audio_nonce\" value=\"3cdc555a10\">","protected":false},"excerpt":{"rendered":"<p>Um homem foi preso em flagrante na manh\u00e3 de domingo (05) ap\u00f3s tentar furtar uma resid\u00eancia na Vila S\u00e3o Judas&hellip;<\/p>\n","protected":false},"author":1,"featured_media":2825,"comment_status":"closed","ping_status":"open","sticky":false,"template":"","format":"standard","meta":{"sfsi_plus_gutenberg_text_before_share":"","sfsi_plus_gutenberg_show_text_before_share":"","sfsi_plus_gutenberg_icon_type":"","sfsi_plus_gutenberg_icon_alignemt":"","sfsi_plus_gutenburg_max_per_row":"","footnotes":""},"categories":[6,10,1],"tags":[],"class_list":["post-2824","post","type-post","status-publish","format-standard","has-post-thumbnail","hentry","category-sao_paulo","category-destaques","category-noticias"],"_links":{"self":[{"href":"https:\/\/noticiasregionais.com.br\/index.php?rest_route=\/wp\/v2\/posts\/2824","targetHints":{"allow":["GET"]}}],"collection":[{"href":"https:\/\/noticiasregionais.com.br\/index.php?rest_route=\/wp\/v2\/posts"}],"about":[{"href":"https:\/\/noticiasregionais.com.br\/index.php?rest_route=\/wp\/v2\/types\/post"}],"author":[{"embeddable":true,"href":"https:\/\/noticiasregionais.com.br\/index.php?rest_route=\/wp\/v2\/users\/1"}],"replies":[{"embeddable":true,"href":"https:\/\/noticiasregionais.com.br\/index.php?rest_route=%2Fwp%2Fv2%2Fcomments&post=2824"}],"version-history":[{"count":1,"href":"https:\/\/noticiasregionais.com.br\/index.php?rest_route=\/wp\/v2\/posts\/2824\/revisions"}],"predecessor-version":[{"id":2826,"href":"https:\/\/noticiasregionais.com.br\/index.php?rest_route=\/wp\/v2\/posts\/2824\/revisions\/2826"}],"wp:featuredmedia":[{"embeddable":true,"href":"https:\/\/noticiasregionais.com.br\/index.php?rest_route=\/wp\/v2\/media\/2825"}],"wp:attachment":[{"href":"https:\/\/noticiasregionais.com.br\/index.php?rest_route=%2Fwp%2Fv2%2Fmedia&parent=2824"}],"wp:term":[{"taxonomy":"category","embeddable":true,"href":"https:\/\/noticiasregionais.com.br\/index.php?rest_route=%2Fwp%2Fv2%2Fcategories&post=2824"},{"taxonomy":"post_tag","embeddable":true,"href":"https:\/\/noticiasregionais.com.br\/index.php?rest_route=%2Fwp%2Fv2%2Ftags&post=2824"}],"curies":[{"name":"wp","href":"https:\/\/api.w.org\/{rel}","templated":true}]}}