{"id":2827,"date":"2024-05-07T09:21:27","date_gmt":"2024-05-07T12:21:27","guid":{"rendered":"https:\/\/noticiasregionais.com.br\/?p=2827"},"modified":"2024-05-07T09:21:38","modified_gmt":"2024-05-07T12:21:38","slug":"policia-detem-suspeito-durante-tentativa-de-furto-em-santa-cruz-do-rio-pardo","status":"publish","type":"post","link":"https:\/\/noticiasregionais.com.br\/?p=2827","title":{"rendered":"Pol\u00edcia det\u00e9m suspeito durante tentativa de furto em Santa Cruz do Rio Pardo"},"content":{"rendered":"\n<p>Na manh\u00e3 de ontem, 06 de maio, um homem foi detido em flagrante por policiais do 31\u00ba Batalh\u00e3o de Pol\u00edcia Militar do Interior (BPM\/I), enquanto tentava furtar materiais de uma empresa desativada em Santa Cruz do Rio Pardo. O incidente ocorreu na Rua Israel Machado, na Vila Fabiano.<\/p>\n\n\n\n<p>De acordo com a pol\u00edcia, uma patrulha foi deslocada para o local ap\u00f3s receber den\u00fancias de atividades suspeitas nas depend\u00eancias da empresa. Ao chegarem, os agentes realizaram uma vistoria em tr\u00eas barrac\u00f5es. Em um deles, encontraram o suspeito que tentou fugir ao perceber a presen\u00e7a dos policiais, mas foi rapidamente contido, apesar de resistir \u00e0 abordagem.<\/p>\n\n\n\n<p>Durante a inspe\u00e7\u00e3o, os policiais encontraram com o indiv\u00edduo um alicate utilizado para cortar fios condutores de energia el\u00e9trica. Os fios j\u00e1 estavam separados junto com outros objetos, indicando a inten\u00e7\u00e3o do suspeito de subtrair esses itens do local.<\/p>\n\n\n\n<p>A ocorr\u00eancia foi classificada como tentativa de furto qualificado e encaminhada para registro na Central de Pol\u00edcia Judici\u00e1ria de Santa Cruz do Rio Pardo. O homem, cuja identidade n\u00e3o foi divulgada, foi recolhido ao c\u00e1rcere, onde permanecer\u00e1 \u00e0 disposi\u00e7\u00e3o da justi\u00e7a.<\/p>\n\n\n\n<p>As autoridades locais refor\u00e7am a import\u00e2ncia de reportar qualquer atividade suspeita, contribuindo para a seguran\u00e7a da comunidade e a preven\u00e7\u00e3o de crimes.<\/p>\n<input type=\"hidden\" id=\"baseurl\" value=\"https:\/\/noticiasregionais.com.br\"><input type=\"hidden\" id=\"audio_nonce\" value=\"533fbb67b1\">","protected":false},"excerpt":{"rendered":"<p>Na manh\u00e3 de ontem, 06 de maio, um homem foi detido em flagrante por policiais do 31\u00ba Batalh\u00e3o de Pol\u00edcia&hellip;<\/p>\n","protected":false},"author":1,"featured_media":2828,"comment_status":"closed","ping_status":"open","sticky":false,"template":"","format":"standard","meta":{"sfsi_plus_gutenberg_text_before_share":"","sfsi_plus_gutenberg_show_text_before_share":"","sfsi_plus_gutenberg_icon_type":"","sfsi_plus_gutenberg_icon_alignemt":"","sfsi_plus_gutenburg_max_per_row":"","footnotes":""},"categories":[6,10,1],"tags":[],"class_list":["post-2827","post","type-post","status-publish","format-standard","has-post-thumbnail","hentry","category-sao_paulo","category-destaques","category-noticias"],"_links":{"self":[{"href":"https:\/\/noticiasregionais.com.br\/index.php?rest_route=\/wp\/v2\/posts\/2827","targetHints":{"allow":["GET"]}}],"collection":[{"href":"https:\/\/noticiasregionais.com.br\/index.php?rest_route=\/wp\/v2\/posts"}],"about":[{"href":"https:\/\/noticiasregionais.com.br\/index.php?rest_route=\/wp\/v2\/types\/post"}],"author":[{"embeddable":true,"href":"https:\/\/noticiasregionais.com.br\/index.php?rest_route=\/wp\/v2\/users\/1"}],"replies":[{"embeddable":true,"href":"https:\/\/noticiasregionais.com.br\/index.php?rest_route=%2Fwp%2Fv2%2Fcomments&post=2827"}],"version-history":[{"count":1,"href":"https:\/\/noticiasregionais.com.br\/index.php?rest_route=\/wp\/v2\/posts\/2827\/revisions"}],"predecessor-version":[{"id":2829,"href":"https:\/\/noticiasregionais.com.br\/index.php?rest_route=\/wp\/v2\/posts\/2827\/revisions\/2829"}],"wp:featuredmedia":[{"embeddable":true,"href":"https:\/\/noticiasregionais.com.br\/index.php?rest_route=\/wp\/v2\/media\/2828"}],"wp:attachment":[{"href":"https:\/\/noticiasregionais.com.br\/index.php?rest_route=%2Fwp%2Fv2%2Fmedia&parent=2827"}],"wp:term":[{"taxonomy":"category","embeddable":true,"href":"https:\/\/noticiasregionais.com.br\/index.php?rest_route=%2Fwp%2Fv2%2Fcategories&post=2827"},{"taxonomy":"post_tag","embeddable":true,"href":"https:\/\/noticiasregionais.com.br\/index.php?rest_route=%2Fwp%2Fv2%2Ftags&post=2827"}],"curies":[{"name":"wp","href":"https:\/\/api.w.org\/{rel}","templated":true}]}}