{"id":2830,"date":"2024-05-07T21:39:36","date_gmt":"2024-05-08T00:39:36","guid":{"rendered":"https:\/\/noticiasregionais.com.br\/?p=2830"},"modified":"2024-05-07T21:39:40","modified_gmt":"2024-05-08T00:39:40","slug":"dupla-presa-por-furto-em-bernardino-de-campos","status":"publish","type":"post","link":"https:\/\/noticiasregionais.com.br\/?p=2830","title":{"rendered":"Dupla presa por furto em Bernardino de Campos"},"content":{"rendered":"\n<p>Na noite da \u00faltima segunda-feira (6), policiais do 31\u00ba BPM\/I prenderam dois homens em flagrante por furto em Bernardino de Campos. O crime aconteceu na esta\u00e7\u00e3o de tratamento de \u00e1gua de uma empresa local.<\/p>\n\n\n\n<p>Ap\u00f3s receberem a den\u00fancia, os patrulheiros realizaram uma varredura na \u00e1rea, incluindo a mata do parque municipal. Com a autoriza\u00e7\u00e3o dos moradores, tamb\u00e9m vistoriaram diversas casas.<\/p>\n\n\n\n<p>Em uma das resid\u00eancias, os policiais encontraram um dos suspeitos, que portava uma faca e impediu a moradora de atender ao chamado no port\u00e3o. O segundo indiv\u00edduo foi detido pr\u00f3ximo de sua casa.<\/p>\n\n\n\n<p>Na a\u00e7\u00e3o, os policiais apreenderam uma faca que estava com um dos suspeitos. Ambos os homens foram encaminhados para a Central de Pol\u00edcia Judici\u00e1ria, onde permaneceram presos \u00e0 disposi\u00e7\u00e3o da Justi\u00e7a.<\/p>\n\n\n\n<p><strong>Detalhes do crime:<\/strong><\/p>\n\n\n\n<ul class=\"wp-block-list\">\n<li><strong>Local:<\/strong> Esta\u00e7\u00e3o de tratamento de \u00e1gua de uma empresa em Bernardino de Campos<\/li>\n\n\n\n<li><strong>Data:<\/strong> Segunda-feira, 6 de maio de 2024<\/li>\n\n\n\n<li><strong>Hora:<\/strong> N\u00e3o informada<\/li>\n\n\n\n<li><strong>Autores:<\/strong> Dois homens<\/li>\n\n\n\n<li><strong>Objetos apreendidos:<\/strong> Uma faca<\/li>\n\n\n\n<li><strong>Localiza\u00e7\u00e3o dos suspeitos:<\/strong> Um em uma casa ap\u00f3s busca e outro pr\u00f3ximo \u00e0 sua resid\u00eancia<\/li>\n\n\n\n<li><strong>Situa\u00e7\u00e3o:<\/strong> Ambos os suspeitos presos \u00e0 disposi\u00e7\u00e3o da Justi\u00e7a<\/li>\n<\/ul>\n\n\n\n<p><strong>Informa\u00e7\u00f5es adicionais:<\/strong><\/p>\n\n\n\n<ul class=\"wp-block-list\">\n<li>A ocorr\u00eancia foi registrada na Central de Pol\u00edcia Judici\u00e1ria.<\/li>\n\n\n\n<li>Os nomes dos suspeitos e da empresa n\u00e3o foram divulgados.<\/li>\n<\/ul>\n\n\n\n<p><strong>Este caso \u00e9 um exemplo do trabalho incans\u00e1vel da Pol\u00edcia Militar para garantir a seguran\u00e7a da popula\u00e7\u00e3o.<\/strong><\/p>\n\n\n\n<p><strong>Importante:<\/strong> \u00c9 importante lembrar que todos os suspeitos s\u00e3o considerados inocentes at\u00e9 que sejam provados culpados em um tribunal de justi\u00e7a.<\/p>\n\n\n\n<figure class=\"wp-block-gallery has-nested-images columns-3 is-cropped wp-block-gallery-1 is-layout-flex wp-block-gallery-is-layout-flex\">\n<figure class=\"wp-block-image size-full\"><a href=\"https:\/\/noticiasregionais.com.br\/wp-content\/uploads\/2024\/05\/WhatsApp-Image-2024-05-07-at-11.12.43.jpeg\"><img decoding=\"async\" width=\"960\" height=\"1280\" data-id=\"2833\" src=\"https:\/\/noticiasregionais.com.br\/wp-content\/uploads\/2024\/05\/WhatsApp-Image-2024-05-07-at-11.12.43.jpeg\" alt=\"\" class=\"wp-image-2833\" srcset=\"https:\/\/noticiasregionais.com.br\/wp-content\/uploads\/2024\/05\/WhatsApp-Image-2024-05-07-at-11.12.43.jpeg 960w, https:\/\/noticiasregionais.com.br\/wp-content\/uploads\/2024\/05\/WhatsApp-Image-2024-05-07-at-11.12.43-225x300.jpeg 225w, https:\/\/noticiasregionais.com.br\/wp-content\/uploads\/2024\/05\/WhatsApp-Image-2024-05-07-at-11.12.43-768x1024.jpeg 768w\" sizes=\"(max-width: 960px) 100vw, 960px\" \/><\/a><\/figure>\n\n\n\n<figure class=\"wp-block-image size-full\"><a href=\"https:\/\/noticiasregionais.com.br\/wp-content\/uploads\/2024\/05\/WhatsApp-Image-2024-05-07-at-11.12.441.jpeg\"><img decoding=\"async\" width=\"960\" height=\"1280\" data-id=\"2832\" src=\"https:\/\/noticiasregionais.com.br\/wp-content\/uploads\/2024\/05\/WhatsApp-Image-2024-05-07-at-11.12.441.jpeg\" alt=\"\" class=\"wp-image-2832\" srcset=\"https:\/\/noticiasregionais.com.br\/wp-content\/uploads\/2024\/05\/WhatsApp-Image-2024-05-07-at-11.12.441.jpeg 960w, https:\/\/noticiasregionais.com.br\/wp-content\/uploads\/2024\/05\/WhatsApp-Image-2024-05-07-at-11.12.441-225x300.jpeg 225w, https:\/\/noticiasregionais.com.br\/wp-content\/uploads\/2024\/05\/WhatsApp-Image-2024-05-07-at-11.12.441-768x1024.jpeg 768w\" sizes=\"(max-width: 960px) 100vw, 960px\" \/><\/a><\/figure>\n\n\n\n<figure class=\"wp-block-image size-full\"><a href=\"https:\/\/noticiasregionais.com.br\/wp-content\/uploads\/2024\/05\/WhatsApp-Image-2024-05-07-at-11.12.44.jpeg\"><img decoding=\"async\" width=\"960\" height=\"1280\" data-id=\"2831\" src=\"https:\/\/noticiasregionais.com.br\/wp-content\/uploads\/2024\/05\/WhatsApp-Image-2024-05-07-at-11.12.44.jpeg\" alt=\"\" class=\"wp-image-2831\" srcset=\"https:\/\/noticiasregionais.com.br\/wp-content\/uploads\/2024\/05\/WhatsApp-Image-2024-05-07-at-11.12.44.jpeg 960w, https:\/\/noticiasregionais.com.br\/wp-content\/uploads\/2024\/05\/WhatsApp-Image-2024-05-07-at-11.12.44-225x300.jpeg 225w, https:\/\/noticiasregionais.com.br\/wp-content\/uploads\/2024\/05\/WhatsApp-Image-2024-05-07-at-11.12.44-768x1024.jpeg 768w\" sizes=\"(max-width: 960px) 100vw, 960px\" \/><\/a><\/figure>\n<\/figure>\n<input type=\"hidden\" id=\"baseurl\" value=\"https:\/\/noticiasregionais.com.br\"><input type=\"hidden\" id=\"audio_nonce\" value=\"533fbb67b1\">","protected":false},"excerpt":{"rendered":"<p>Na noite da \u00faltima segunda-feira (6), policiais do 31\u00ba BPM\/I prenderam dois homens em flagrante por furto em Bernardino de&hellip;<\/p>\n","protected":false},"author":1,"featured_media":2834,"comment_status":"closed","ping_status":"open","sticky":false,"template":"","format":"standard","meta":{"sfsi_plus_gutenberg_text_before_share":"","sfsi_plus_gutenberg_show_text_before_share":"","sfsi_plus_gutenberg_icon_type":"","sfsi_plus_gutenberg_icon_alignemt":"","sfsi_plus_gutenburg_max_per_row":"","footnotes":""},"categories":[6,10,1],"tags":[],"class_list":["post-2830","post","type-post","status-publish","format-standard","has-post-thumbnail","hentry","category-sao_paulo","category-destaques","category-noticias"],"_links":{"self":[{"href":"https:\/\/noticiasregionais.com.br\/index.php?rest_route=\/wp\/v2\/posts\/2830","targetHints":{"allow":["GET"]}}],"collection":[{"href":"https:\/\/noticiasregionais.com.br\/index.php?rest_route=\/wp\/v2\/posts"}],"about":[{"href":"https:\/\/noticiasregionais.com.br\/index.php?rest_route=\/wp\/v2\/types\/post"}],"author":[{"embeddable":true,"href":"https:\/\/noticiasregionais.com.br\/index.php?rest_route=\/wp\/v2\/users\/1"}],"replies":[{"embeddable":true,"href":"https:\/\/noticiasregionais.com.br\/index.php?rest_route=%2Fwp%2Fv2%2Fcomments&post=2830"}],"version-history":[{"count":1,"href":"https:\/\/noticiasregionais.com.br\/index.php?rest_route=\/wp\/v2\/posts\/2830\/revisions"}],"predecessor-version":[{"id":2835,"href":"https:\/\/noticiasregionais.com.br\/index.php?rest_route=\/wp\/v2\/posts\/2830\/revisions\/2835"}],"wp:featuredmedia":[{"embeddable":true,"href":"https:\/\/noticiasregionais.com.br\/index.php?rest_route=\/wp\/v2\/media\/2834"}],"wp:attachment":[{"href":"https:\/\/noticiasregionais.com.br\/index.php?rest_route=%2Fwp%2Fv2%2Fmedia&parent=2830"}],"wp:term":[{"taxonomy":"category","embeddable":true,"href":"https:\/\/noticiasregionais.com.br\/index.php?rest_route=%2Fwp%2Fv2%2Fcategories&post=2830"},{"taxonomy":"post_tag","embeddable":true,"href":"https:\/\/noticiasregionais.com.br\/index.php?rest_route=%2Fwp%2Fv2%2Ftags&post=2830"}],"curies":[{"name":"wp","href":"https:\/\/api.w.org\/{rel}","templated":true}]}}