{"id":2836,"date":"2024-05-07T21:45:22","date_gmt":"2024-05-08T00:45:22","guid":{"rendered":"https:\/\/noticiasregionais.com.br\/?p=2836"},"modified":"2024-05-07T21:45:25","modified_gmt":"2024-05-08T00:45:25","slug":"setores-de-vestuario-calcados-e-acessorios-devem-liderar-vendas-no-dia-das-maes","status":"publish","type":"post","link":"https:\/\/noticiasregionais.com.br\/?p=2836","title":{"rendered":"Setores de vestu\u00e1rio, cal\u00e7ados e acess\u00f3rios devem liderar vendas no Dia das M\u00e3es"},"content":{"rendered":"\n<p class=\"has-text-align-center\"><strong>A previs\u00e3o de faturamento este ano \u00e9 de R$ 5,10 bilh\u00f5es, um crescimento de 2,1% em rela\u00e7\u00e3o a 2023<\/strong><\/p>\n\n\n\n<p>Os setores de vestu\u00e1rio, cal\u00e7ados e acess\u00f3rios devem liderar as vendas no Dia das M\u00e3es, com uma previs\u00e3o de faturamento de R$ 5,10 bilh\u00f5es este ano. O valor corresponde a&nbsp;um crescimento de 2,1% em rela\u00e7\u00e3o a 2023. Outros setores que tamb\u00e9m devem registrar vendas significativas incluem farm\u00e1cias, perfumarias e lojas de cosm\u00e9ticos (R$ 2,64 bilh\u00f5es), m\u00f3veis e eletrodom\u00e9sticos (R$ 1,83 bilh\u00e3o) e utilidades dom\u00e9sticas e eletroeletr\u00f4nicos (R$ 1,63 bilh\u00e3o). A estimativa \u00e9 da Confedera\u00e7\u00e3o Nacional do Com\u00e9rcio de Bens, Servi\u00e7os e Turismo (CNC).<\/p>\n\n\n\n<p>No total, de acordo com a pesquisa, o com\u00e9rcio varejista voltado para o Dia das M\u00e3es dever\u00e1 alcan\u00e7ar R$ 13,23 bilh\u00f5es este ano. Se confirmada, essa previs\u00e3o representar\u00e1 um aumento de 3,5% em compara\u00e7\u00e3o ao valor movimentado no ano passado.<\/p>\n\n\n\n<p>Yashilla Vaz, estudante de direito de 20 anos e moradora de Uberl\u00e2ndia (MG), conta que procura dar para a m\u00e3e dela joias, como rel\u00f3gios por exemplo;&nbsp;sapatos e pijamas. Ela diz que n\u00e3o sentiu tanta diferen\u00e7a nos pre\u00e7os com rela\u00e7\u00e3o ao ano passado.<\/p>\n\n\n\n<p>\u201cD\u00e1 pra encontrar pre\u00e7os acess\u00edveis, dependendo do que deseja dar e, obviamente, tem uma diferen\u00e7a em rela\u00e7\u00e3o ao ano passado, eu acredito que deu uma aumentada, mas n\u00e3o foi tanto assim, de no m\u00e1ximo 10%, que foi o que eu analisei este ano\u201d, conta.<\/p>\n\n\n\n<h2 class=\"wp-block-heading\">Volume de vendas e contrata\u00e7\u00e3o<\/h2>\n\n\n\n<p>O otimismo para o Dia das M\u00e3es deste ano decorre da melhoria das condi\u00e7\u00f5es de consumo. Ap\u00f3s atingir um pico de 59,87% ao ano em maio de 2023, a taxa m\u00e9dia de juros para opera\u00e7\u00f5es com recursos livres para pessoas jur\u00eddicas come\u00e7ou a cair, chegando a 52,46% ao ano, em fevereiro, o menor n\u00edvel desde junho de 2022 (51,51% ao ano), de acordo com dados do Banco Central.<\/p>\n\n\n\n<p>H\u00e1 expectativa de aumento real nas vendas e, com isso, a contrata\u00e7\u00e3o esperada \u00e9 de 25,9 mil trabalhadores tempor\u00e1rios para atender \u00e0 demanda sazonal neste ano, superando as 23,79 mil vagas do ano passado. O sal\u00e1rio m\u00e9dio de admiss\u00e3o deve ser de R$ 1.794, um aumento de 7,1% em compara\u00e7\u00e3o com a mesma data de 2023. De acordo com a CNC, cerca de 6,8 mil dessas vagas tempor\u00e1rias devem se tornar efetivas ap\u00f3s o Dia das M\u00e3es.<\/p>\n\n\n\n<h2 class=\"wp-block-heading\">Outros cen\u00e1rios&nbsp;<\/h2>\n\n\n\n<p>Guidi Nunes, economista da Cooperativa Brasileira de Servi\u00e7os Empresariais (CBRASE), avalia que houve estabilidade nos resultados desde 2021. O ano de melhor venda foi no Dia das M\u00e3es de 2014, com R$ 14,4 bilh\u00f5es e o de menor venda foi o de 2020, com R$ 8,20 bilh\u00f5es decorrente da pandemia.<\/p>\n\n\n\n<p>\u201cNa medida em que a popula\u00e7\u00e3o vem conseguindo pagar suas contas, reduzir suas d\u00edvidas e ter perspectivas de permanecer mais tempo empregada diante de eventual queda na taxa de juros, este cen\u00e1rio vai favorecer a melhoria nas vendas, tendo o cr\u00e9dito como alternativa, principalmente para a compra de bens dur\u00e1veis\u201d, comenta.&nbsp;<\/p>\n\n\n\n<p>De acordo com dados do Banco Central, no in\u00edcio do ano, o comprometimento m\u00e9dio da renda dos brasileiros com d\u00edvidas caiu para menos de 24%. A inadimpl\u00eancia tamb\u00e9m segue essa tend\u00eancia, ficando em 5,5% do cr\u00e9dito para pessoas f\u00edsicas em fevereiro, o menor \u00edndice desde julho de 2022. Outros fatores favor\u00e1veis incluem a taxa de desemprego, que est\u00e1 no menor patamar em uma d\u00e9cada, e a desacelera\u00e7\u00e3o da infla\u00e7\u00e3o, que subiu apenas 1,4% no primeiro trimestre, o menor valor para esse per\u00edodo nos \u00faltimos quatro anos.<\/p>\n\n\n\n<p><strong>Veja Mais:<\/strong><\/p>\n\n\n\n<p><a href=\"https:\/\/brasil61.com\/n\/rombo-de-quase-r-15-bi-nas-contas-municipais-sera-desafio-para-prefeitos-eleitos-em-outubro-alertam-especialistas-bras2411616\" target=\"_blank\" rel=\"noreferrer noopener\">Rombo de quase R$ 15 bi nas contas municipais ser\u00e1 desafio para prefeitos eleitos em outubro, alertam especialistas<\/a><\/p>\n\n\n\n<p><a href=\"https:\/\/brasil61.com\/n\/inflacao-aumenta-em-seis-das-sete-capitais-que-compoem-o-ipc-s-aponta-fgv-bras2411620\" target=\"_blank\" rel=\"noreferrer noopener\">Infla\u00e7\u00e3o aumenta em seis das sete capitais que comp\u00f5em o IPC-S, aponta FGV<\/a><br>&nbsp;<\/p>\n\n\n\n<p>Fonte: <a href=\"https:\/\/brasil61.com\/n\/setores-de-vestuario-calcados-e-acessorios-devem-liderar-vendas-no-dia-das-maes-bras2411631\" target=\"_blank\" rel=\"noreferrer noopener\">Brasil 61<\/a><\/p>\n<input type=\"hidden\" id=\"baseurl\" value=\"https:\/\/noticiasregionais.com.br\"><input type=\"hidden\" id=\"audio_nonce\" value=\"533fbb67b1\">","protected":false},"excerpt":{"rendered":"<p>A previs\u00e3o de faturamento este ano \u00e9 de R$ 5,10 bilh\u00f5es, um crescimento de 2,1% em rela\u00e7\u00e3o a 2023 Os&hellip;<\/p>\n","protected":false},"author":1,"featured_media":2837,"comment_status":"closed","ping_status":"open","sticky":false,"template":"","format":"standard","meta":{"sfsi_plus_gutenberg_text_before_share":"","sfsi_plus_gutenberg_show_text_before_share":"","sfsi_plus_gutenberg_icon_type":"","sfsi_plus_gutenberg_icon_alignemt":"","sfsi_plus_gutenburg_max_per_row":"","footnotes":""},"categories":[8,12,1],"tags":[],"class_list":["post-2836","post","type-post","status-publish","format-standard","has-post-thumbnail","hentry","category-brasil","category-capa","category-noticias"],"_links":{"self":[{"href":"https:\/\/noticiasregionais.com.br\/index.php?rest_route=\/wp\/v2\/posts\/2836","targetHints":{"allow":["GET"]}}],"collection":[{"href":"https:\/\/noticiasregionais.com.br\/index.php?rest_route=\/wp\/v2\/posts"}],"about":[{"href":"https:\/\/noticiasregionais.com.br\/index.php?rest_route=\/wp\/v2\/types\/post"}],"author":[{"embeddable":true,"href":"https:\/\/noticiasregionais.com.br\/index.php?rest_route=\/wp\/v2\/users\/1"}],"replies":[{"embeddable":true,"href":"https:\/\/noticiasregionais.com.br\/index.php?rest_route=%2Fwp%2Fv2%2Fcomments&post=2836"}],"version-history":[{"count":1,"href":"https:\/\/noticiasregionais.com.br\/index.php?rest_route=\/wp\/v2\/posts\/2836\/revisions"}],"predecessor-version":[{"id":2838,"href":"https:\/\/noticiasregionais.com.br\/index.php?rest_route=\/wp\/v2\/posts\/2836\/revisions\/2838"}],"wp:featuredmedia":[{"embeddable":true,"href":"https:\/\/noticiasregionais.com.br\/index.php?rest_route=\/wp\/v2\/media\/2837"}],"wp:attachment":[{"href":"https:\/\/noticiasregionais.com.br\/index.php?rest_route=%2Fwp%2Fv2%2Fmedia&parent=2836"}],"wp:term":[{"taxonomy":"category","embeddable":true,"href":"https:\/\/noticiasregionais.com.br\/index.php?rest_route=%2Fwp%2Fv2%2Fcategories&post=2836"},{"taxonomy":"post_tag","embeddable":true,"href":"https:\/\/noticiasregionais.com.br\/index.php?rest_route=%2Fwp%2Fv2%2Ftags&post=2836"}],"curies":[{"name":"wp","href":"https:\/\/api.w.org\/{rel}","templated":true}]}}