{"id":2839,"date":"2024-05-08T08:26:17","date_gmt":"2024-05-08T11:26:17","guid":{"rendered":"https:\/\/noticiasregionais.com.br\/?p=2839"},"modified":"2024-05-08T08:30:31","modified_gmt":"2024-05-08T11:30:31","slug":"empresas-ourinhenses-somam-esforcos-para-ajudar-as-vitimas-das-enchentes-no-rio-grande-do-sul","status":"publish","type":"post","link":"https:\/\/noticiasregionais.com.br\/?p=2839","title":{"rendered":"Empresas Ourinhenses somam esfor\u00e7os para ajudar as v\u00edtimas das enchentes no Rio Grande do Sul"},"content":{"rendered":"\n<p>Diante da devasta\u00e7\u00e3o causada pelas enchentes no Rio Grande do Sul, o Imp\u00e9rio Carazato PetShop em Ourinhos se une \u00e0 corrente de solidariedade e abre suas portas para receber doa\u00e7\u00f5es que ser\u00e3o enviadas \u00e0s v\u00edtimas da trag\u00e9dia.<\/p>\n\n\n\n<p><strong>Unidos pela ajuda:<\/strong><\/p>\n\n\n\n<p>O pet shop convida a comunidade de Ourinhos a se unir \u00e0 iniciativa e contribuir com a doa\u00e7\u00e3o de itens de primeira necessidade, como produtos de higiene pessoal, agasalhos, alimentos n\u00e3o perec\u00edveis, \u00e1gua mineral, ra\u00e7\u00e3o e cobertores.<\/p>\n\n\n\n<p><strong>Detalhes da campanha:<\/strong><\/p>\n\n\n\n<ul class=\"wp-block-list\">\n<li><strong>Local de doa\u00e7\u00e3o:<\/strong> Imp\u00e9rio Carazato PetShop<\/li>\n\n\n\n<li><strong>Endere\u00e7o:<\/strong> R. Silva Jardim, 939 &#8211; Vila Moraes, Ourinhos &#8211; SP<\/li>\n\n\n\n<li><strong>Per\u00edodo de doa\u00e7\u00e3o:<\/strong> At\u00e9 s\u00e1bado, 11 de maio de 2024<\/li>\n\n\n\n<li><strong>Envio das doa\u00e7\u00f5es:<\/strong> Domingo, 12 de maio de 2024<\/li>\n<\/ul>\n\n\n\n<p><strong>Contato:<\/strong><\/p>\n\n\n\n<ul class=\"wp-block-list\">\n<li><strong>Telefone:<\/strong> (14) 99174-2076<\/li>\n<\/ul>\n\n\n\n<p><strong>A import\u00e2ncia de cada doa\u00e7\u00e3o:<\/strong><\/p>\n\n\n\n<p>Cada item doado, por menor que seja, far\u00e1 a diferen\u00e7a na vida das pessoas que foram afetadas pelas enchentes. A uni\u00e3o e a solidariedade da comunidade neste momento t\u00e3o dif\u00edcil s\u00e3o essenciais para o processo de reconstru\u00e7\u00e3o.<\/p>\n\n\n\n<p><strong>Mobiliza\u00e7\u00e3o em prol da causa:<\/strong><\/p>\n\n\n\n<p>Reconhecendo a urg\u00eancia da situa\u00e7\u00e3o, a RMendes Solu\u00e7\u00f5es e Servi\u00e7os, empresa de divulga\u00e7\u00e3o, se uniu \u00e0 iniciativa de forma volunt\u00e1ria. A empresa disponibilizou um carro de som para informar sobre a campanha e tamb\u00e9m realizar\u00e1 a divulga\u00e7\u00e3o digital gratuita atrav\u00e9s do Portal Not\u00edcias Regionais e de seus canais nas redes sociais.<\/p>\n\n\n\n<p><strong>Juntos, podemos fazer a diferen\u00e7a!<\/strong><\/p>\n\n\n\n<p>O Imp\u00e9rio Carazato PetShop convida a todos a participarem dessa corrente de solidariedade e a ajudarem a amenizar o sofrimento das v\u00edtimas das enchentes no Rio Grande do Sul. Doe e fa\u00e7a parte da reconstru\u00e7\u00e3o!<\/p>\n<input type=\"hidden\" id=\"baseurl\" value=\"https:\/\/noticiasregionais.com.br\"><input type=\"hidden\" id=\"audio_nonce\" value=\"533fbb67b1\">","protected":false},"excerpt":{"rendered":"<p>Diante da devasta\u00e7\u00e3o causada pelas enchentes no Rio Grande do Sul, o Imp\u00e9rio Carazato PetShop em Ourinhos se une \u00e0&hellip;<\/p>\n","protected":false},"author":1,"featured_media":2842,"comment_status":"closed","ping_status":"open","sticky":false,"template":"","format":"standard","meta":{"sfsi_plus_gutenberg_text_before_share":"","sfsi_plus_gutenberg_show_text_before_share":"","sfsi_plus_gutenberg_icon_type":"","sfsi_plus_gutenberg_icon_alignemt":"","sfsi_plus_gutenburg_max_per_row":"","footnotes":""},"categories":[5,12,1],"tags":[],"class_list":["post-2839","post","type-post","status-publish","format-standard","has-post-thumbnail","hentry","category-ourinhos","category-capa","category-noticias"],"_links":{"self":[{"href":"https:\/\/noticiasregionais.com.br\/index.php?rest_route=\/wp\/v2\/posts\/2839","targetHints":{"allow":["GET"]}}],"collection":[{"href":"https:\/\/noticiasregionais.com.br\/index.php?rest_route=\/wp\/v2\/posts"}],"about":[{"href":"https:\/\/noticiasregionais.com.br\/index.php?rest_route=\/wp\/v2\/types\/post"}],"author":[{"embeddable":true,"href":"https:\/\/noticiasregionais.com.br\/index.php?rest_route=\/wp\/v2\/users\/1"}],"replies":[{"embeddable":true,"href":"https:\/\/noticiasregionais.com.br\/index.php?rest_route=%2Fwp%2Fv2%2Fcomments&post=2839"}],"version-history":[{"count":1,"href":"https:\/\/noticiasregionais.com.br\/index.php?rest_route=\/wp\/v2\/posts\/2839\/revisions"}],"predecessor-version":[{"id":2841,"href":"https:\/\/noticiasregionais.com.br\/index.php?rest_route=\/wp\/v2\/posts\/2839\/revisions\/2841"}],"wp:featuredmedia":[{"embeddable":true,"href":"https:\/\/noticiasregionais.com.br\/index.php?rest_route=\/wp\/v2\/media\/2842"}],"wp:attachment":[{"href":"https:\/\/noticiasregionais.com.br\/index.php?rest_route=%2Fwp%2Fv2%2Fmedia&parent=2839"}],"wp:term":[{"taxonomy":"category","embeddable":true,"href":"https:\/\/noticiasregionais.com.br\/index.php?rest_route=%2Fwp%2Fv2%2Fcategories&post=2839"},{"taxonomy":"post_tag","embeddable":true,"href":"https:\/\/noticiasregionais.com.br\/index.php?rest_route=%2Fwp%2Fv2%2Ftags&post=2839"}],"curies":[{"name":"wp","href":"https:\/\/api.w.org\/{rel}","templated":true}]}}